{"id":8776,"date":"2022-02-15T13:24:13","date_gmt":"2022-02-15T12:24:13","guid":{"rendered":"https:\/\/agora.xtec.cat\/ceipsab\/?p=8776"},"modified":"2022-02-15T13:24:13","modified_gmt":"2022-02-15T12:24:13","slug":"p3-racons-de-treball-3a-volta-2n-trimestre","status":"publish","type":"post","link":"https:\/\/agora.xtec.cat\/ceipsab\/educacio-infantil\/p3\/p3-racons-de-treball-3a-volta-2n-trimestre\/","title":{"rendered":"P3 RACONS DE TREBALL 3a VOLTA (2n trimestre)"},"content":{"rendered":"<p><span style=\"font-weight: 400\">Hola fam\u00edlies!<\/span><\/p>\n<p><span style=\"font-weight: 400\">Aquest segon trimestre hem continuat fent racons de treball: experimentaci\u00f3, pl\u00e0stica, matem\u00e0tiques, llengua i mans divertides. Ens encanta! Cada vegada som una mica m\u00e9s aut\u00f2noms<\/span><\/p>\n<p><span style=\"font-weight: 400\">Ens podeu veure a continuaci\u00f3 <em>(clicant a sobre de la fotografia).<\/em><\/span><\/p>\n<p>P3A<\/p>\n<p><a href=\"https:\/\/photos.app.goo.gl\/WSEXaTozcg2JESZS7\"><img loading=\"lazy\" decoding=\"async\" class=\"alignnone size-full wp-image-8778\" src=\"https:\/\/agora.xtec.cat\/ceipsab\/wp-content\/uploads\/usu1011\/2022\/02\/RACONS-A.jpg\" alt=\"\" width=\"249\" height=\"222\" \/><\/a><\/p>\n<p>P3B<\/p>\n<p><a href=\"https:\/\/photos.app.goo.gl\/j4WQRJvXujenGvNz6\"><img loading=\"lazy\" decoding=\"async\" class=\"alignnone  wp-image-8777\" src=\"https:\/\/agora.xtec.cat\/ceipsab\/wp-content\/uploads\/usu1011\/2022\/02\/RACONS-B.jpg\" alt=\"\" width=\"250\" height=\"203\" srcset=\"https:\/\/agora.xtec.cat\/ceipsab\/wp-content\/uploads\/usu1011\/2022\/02\/RACONS-B.jpg 367w, https:\/\/agora.xtec.cat\/ceipsab\/wp-content\/uploads\/usu1011\/2022\/02\/RACONS-B-300x244.jpg 300w\" sizes=\"auto, (max-width: 250px) 100vw, 250px\" \/><\/a><\/p>\n","protected":false},"excerpt":{"rendered":"<p>Hola fam\u00edlies!<br \/>\nAquest segon trimestre hem continuat fent racons de treball: experimentaci\u00f3, pl\u00e0stica, matem\u00e0tiques, llengua i mans divertides. Ens encanta! Cada vegada som una mica m\u00e9s aut\u00f2noms<br \/>\nEns podeu veure a continuaci\u00f3 (clicant a sobre de la fotografia).<br \/>\nP3A<br \/>\n<a href=\"https:\/\/photos.app.goo.gl\/WSEXaTozcg2JESZS7\"><\/a><br \/>\nP3B<br \/>\n<a href=\"https:\/\/photos.app.goo.gl\/j4WQRJvXujenGvNz6\"><\/a><\/p>\n","protected":false},"author":1,"featured_media":8777,"comment_status":"open","ping_status":"closed","sticky":false,"template":"","format":"standard","meta":{"_bbp_topic_count":0,"_bbp_reply_count":0,"_bbp_total_topic_count":0,"_bbp_total_reply_count":0,"_bbp_voice_count":0,"_bbp_anonymous_reply_count":0,"_bbp_topic_count_hidden":0,"_bbp_reply_count_hidden":0,"_bbp_forum_subforum_count":0,"footnotes":""},"categories":[62,3],"tags":[],"class_list":["post-8776","post","type-post","status-publish","format-standard","has-post-thumbnail","hentry","category-educacio-infantil","category-p3"],"post_mailing_queue_ids":[],"_links":{"self":[{"href":"https:\/\/agora.xtec.cat\/ceipsab\/wp-json\/wp\/v2\/posts\/8776","targetHints":{"allow":["GET"]}}],"collection":[{"href":"https:\/\/agora.xtec.cat\/ceipsab\/wp-json\/wp\/v2\/posts"}],"about":[{"href":"https:\/\/agora.xtec.cat\/ceipsab\/wp-json\/wp\/v2\/types\/post"}],"author":[{"embeddable":true,"href":"https:\/\/agora.xtec.cat\/ceipsab\/wp-json\/wp\/v2\/users\/1"}],"replies":[{"embeddable":true,"href":"https:\/\/agora.xtec.cat\/ceipsab\/wp-json\/wp\/v2\/comments?post=8776"}],"version-history":[{"count":2,"href":"https:\/\/agora.xtec.cat\/ceipsab\/wp-json\/wp\/v2\/posts\/8776\/revisions"}],"predecessor-version":[{"id":8780,"href":"https:\/\/agora.xtec.cat\/ceipsab\/wp-json\/wp\/v2\/posts\/8776\/revisions\/8780"}],"wp:featuredmedia":[{"embeddable":true,"href":"https:\/\/agora.xtec.cat\/ceipsab\/wp-json\/wp\/v2\/media\/8777"}],"wp:attachment":[{"href":"https:\/\/agora.xtec.cat\/ceipsab\/wp-json\/wp\/v2\/media?parent=8776"}],"wp:term":[{"taxonomy":"category","embeddable":true,"href":"https:\/\/agora.xtec.cat\/ceipsab\/wp-json\/wp\/v2\/categories?post=8776"},{"taxonomy":"post_tag","embeddable":true,"href":"https:\/\/agora.xtec.cat\/ceipsab\/wp-json\/wp\/v2\/tags?post=8776"}],"curies":[{"name":"wp","href":"https:\/\/api.w.org\/{rel}","templated":true}]}}