{"id":8761,"date":"2022-02-15T13:08:49","date_gmt":"2022-02-15T12:08:49","guid":{"rendered":"https:\/\/agora.xtec.cat\/ceipsab\/?p=8761"},"modified":"2022-02-15T13:08:49","modified_gmt":"2022-02-15T12:08:49","slug":"p3-numero-2","status":"publish","type":"post","link":"https:\/\/agora.xtec.cat\/ceipsab\/educacio-infantil\/p3\/p3-numero-2\/","title":{"rendered":"P3 N\u00daMERO 2"},"content":{"rendered":"<p><span style=\"font-weight: 400\">Hola fam\u00edlies!<\/span><\/p>\n<p><span style=\"font-weight: 400\">Aquests dies els infants de P3 hem treballat el n\u00famero 2. Hem mirat les seves caracter\u00edstiques, la seva grafia, la forma que t\u00e9, etc. i hem fet moltes activitats: l&#8217;hem escrit, l&#8217;hem fet amb plastilina, hem posat pedretes damunt de la grafia, l&#8217;hem repassat amb el dit i amb sal a la taula de llum\u2026<\/span><\/p>\n<p><span style=\"font-weight: 400\">\u00a0A m\u00e9s, l&#8217;altre dia es va perdre el n\u00famero 2 per l&#8217;escola i vam haver de buscar-ho i observar b\u00e9 on podia amargar-se. El vam trobar pel pati i el vam enganxar a un paper on el vam repassar. Tamb\u00e9 hem jugat a contar fins a 2 i a fer paquets de dos o parelles de pedres, de joguines, d&#8217;infants&#8230; Ens ha encantat fer aquestes activitats!<\/span><\/p>\n<p><span style=\"font-weight: 400\">Ens podeu veure a continuaci\u00f3 <\/span><i><span style=\"font-weight: 400\">(clicant a sobre de la fotografia<\/span><\/i><span style=\"font-weight: 400\">).<\/span><\/p>\n<p>P3A<\/p>\n<p><a href=\"https:\/\/photos.app.goo.gl\/MnJv3KdVcWiiqkfq9\"><img loading=\"lazy\" decoding=\"async\" class=\"alignnone  wp-image-8762\" src=\"https:\/\/agora.xtec.cat\/ceipsab\/wp-content\/uploads\/usu1011\/2022\/02\/2-A.jpg\" alt=\"\" width=\"290\" height=\"289\" srcset=\"https:\/\/agora.xtec.cat\/ceipsab\/wp-content\/uploads\/usu1011\/2022\/02\/2-A.jpg 359w, https:\/\/agora.xtec.cat\/ceipsab\/wp-content\/uploads\/usu1011\/2022\/02\/2-A-300x300.jpg 300w, https:\/\/agora.xtec.cat\/ceipsab\/wp-content\/uploads\/usu1011\/2022\/02\/2-A-150x150.jpg 150w\" sizes=\"auto, (max-width: 290px) 100vw, 290px\" \/><\/a><\/p>\n<p>P3B<\/p>\n<p><a href=\"https:\/\/photos.app.goo.gl\/HEjJGp8YohM4oLkAA\"><img loading=\"lazy\" decoding=\"async\" class=\"alignnone  wp-image-8763\" src=\"https:\/\/agora.xtec.cat\/ceipsab\/wp-content\/uploads\/usu1011\/2022\/02\/2-B.jpg\" alt=\"\" width=\"288\" height=\"229\" srcset=\"https:\/\/agora.xtec.cat\/ceipsab\/wp-content\/uploads\/usu1011\/2022\/02\/2-B.jpg 360w, https:\/\/agora.xtec.cat\/ceipsab\/wp-content\/uploads\/usu1011\/2022\/02\/2-B-300x238.jpg 300w\" sizes=\"auto, (max-width: 288px) 100vw, 288px\" \/><\/a><\/p>\n","protected":false},"excerpt":{"rendered":"<p>Hola fam\u00edlies!<br \/>\nAquests dies els infants de P3 hem treballat el n\u00famero 2. Hem mirat les seves caracter\u00edstiques, la seva grafia, la forma que t\u00e9, etc. i hem fet moltes activitats: l&#8217;hem escrit, l&#8217;hem fet amb plastilina, hem posat pedretes damunt de la grafia, l&#8217;hem repassat&hellip;  <a href=\"https:\/\/agora.xtec.cat\/ceipsab\/educacio-infantil\/p3\/p3-numero-2\/\" title=\"Read P3 N\u00daMERO 2\">Llegeix m\u00e9s\u00bb<\/a><\/p>\n","protected":false},"author":1,"featured_media":8763,"comment_status":"open","ping_status":"closed","sticky":false,"template":"","format":"standard","meta":{"_bbp_topic_count":0,"_bbp_reply_count":0,"_bbp_total_topic_count":0,"_bbp_total_reply_count":0,"_bbp_voice_count":0,"_bbp_anonymous_reply_count":0,"_bbp_topic_count_hidden":0,"_bbp_reply_count_hidden":0,"_bbp_forum_subforum_count":0,"footnotes":""},"categories":[62,3],"tags":[],"class_list":["post-8761","post","type-post","status-publish","format-standard","has-post-thumbnail","hentry","category-educacio-infantil","category-p3"],"post_mailing_queue_ids":[],"_links":{"self":[{"href":"https:\/\/agora.xtec.cat\/ceipsab\/wp-json\/wp\/v2\/posts\/8761","targetHints":{"allow":["GET"]}}],"collection":[{"href":"https:\/\/agora.xtec.cat\/ceipsab\/wp-json\/wp\/v2\/posts"}],"about":[{"href":"https:\/\/agora.xtec.cat\/ceipsab\/wp-json\/wp\/v2\/types\/post"}],"author":[{"embeddable":true,"href":"https:\/\/agora.xtec.cat\/ceipsab\/wp-json\/wp\/v2\/users\/1"}],"replies":[{"embeddable":true,"href":"https:\/\/agora.xtec.cat\/ceipsab\/wp-json\/wp\/v2\/comments?post=8761"}],"version-history":[{"count":1,"href":"https:\/\/agora.xtec.cat\/ceipsab\/wp-json\/wp\/v2\/posts\/8761\/revisions"}],"predecessor-version":[{"id":8764,"href":"https:\/\/agora.xtec.cat\/ceipsab\/wp-json\/wp\/v2\/posts\/8761\/revisions\/8764"}],"wp:featuredmedia":[{"embeddable":true,"href":"https:\/\/agora.xtec.cat\/ceipsab\/wp-json\/wp\/v2\/media\/8763"}],"wp:attachment":[{"href":"https:\/\/agora.xtec.cat\/ceipsab\/wp-json\/wp\/v2\/media?parent=8761"}],"wp:term":[{"taxonomy":"category","embeddable":true,"href":"https:\/\/agora.xtec.cat\/ceipsab\/wp-json\/wp\/v2\/categories?post=8761"},{"taxonomy":"post_tag","embeddable":true,"href":"https:\/\/agora.xtec.cat\/ceipsab\/wp-json\/wp\/v2\/tags?post=8761"}],"curies":[{"name":"wp","href":"https:\/\/api.w.org\/{rel}","templated":true}]}}