{"id":8755,"date":"2022-02-14T13:45:26","date_gmt":"2022-02-14T12:45:26","guid":{"rendered":"https:\/\/agora.xtec.cat\/ceipsab\/?p=8755"},"modified":"2022-02-14T13:45:26","modified_gmt":"2022-02-14T12:45:26","slug":"a-sise-rebem-portatils-nous","status":"publish","type":"post","link":"https:\/\/agora.xtec.cat\/ceipsab\/primaria\/cicle-superior\/6e\/a-sise-rebem-portatils-nous\/","title":{"rendered":"A sis\u00e8 rebem port\u00e0tils nous!"},"content":{"rendered":"<p>Hola fam\u00edlies,<\/p>\n<p>Us volem enunciar que ja han arribat els nostres ordinadors nous. Nom\u00e9s els podem utilitzar a l\u2019horari de l\u2019aula. Cadasc\u00fa t\u00e9 el seu ordinador personalitzat. A partir d\u2019ara ens facilitar\u00e0 a l\u2019hora de treballar perqu\u00e8 si les altres classes han de fer servir ordinadors utilitzaran els de l\u2019escola i nosaltres els nostres.<\/p>\n<p>Estem molt emocionats perqu\u00e8 som els primers d\u2019aquesta escola en poder tenir el nostre propi ordinador. Cuidarem molt els ordinadors perqu\u00e8 passaran a les seg\u00fcents generacions de nens i nenes.<\/p>\n<p>Les i els alumnes de sis\u00e8<\/p>\n<p>Si voleu veure algunes imatges dels port\u00e0tils, feu clic a la imatge<\/p>\n<p><a href=\"https:\/\/photos.app.goo.gl\/vnN2K3xjAU18EASq9\"><img loading=\"lazy\" decoding=\"async\" class=\"aligncenter\" src=\"https:\/\/imagenes.elpais.com\/resizer\/ghbn8ZAXyJU8mGHFdkDnY-XxOvk=\/414x0\/cloudfront-eu-central-1.images.arcpublishing.com\/prisa\/DH64KNX6J4JQFIWFDNQJOBVG7U.jpg\" alt=\"Gu\u00eda para comprar el port\u00e1til que necesitas | Escaparate | EL PA\u00cdS\" width=\"414\" height=\"232\" \/><\/a><\/p>\n","protected":false},"excerpt":{"rendered":"<p>Hola fam\u00edlies,<br \/>\nUs volem enunciar que ja han arribat els nostres ordinadors nous. Nom\u00e9s els podem utilitzar a l\u2019horari de l\u2019aula. Cadasc\u00fa t\u00e9 el seu ordinador personalitzat. A partir d\u2019ara ens facilitar\u00e0 a l\u2019hora de treballar perqu\u00e8 si les altres classes han de fer servir ordinadors&hellip;  <a href=\"https:\/\/agora.xtec.cat\/ceipsab\/primaria\/cicle-superior\/6e\/a-sise-rebem-portatils-nous\/\" title=\"Read A sis\u00e8 rebem port\u00e0tils nous!\">Llegeix m\u00e9s\u00bb<\/a><\/p>\n","protected":false},"author":56,"featured_media":0,"comment_status":"open","ping_status":"closed","sticky":false,"template":"","format":"standard","meta":{"_bbp_topic_count":0,"_bbp_reply_count":0,"_bbp_total_topic_count":0,"_bbp_total_reply_count":0,"_bbp_voice_count":0,"_bbp_anonymous_reply_count":0,"_bbp_topic_count_hidden":0,"_bbp_reply_count_hidden":0,"_bbp_forum_subforum_count":0,"footnotes":""},"categories":[15],"tags":[],"class_list":["post-8755","post","type-post","status-publish","format-standard","hentry","category-6e"],"post_mailing_queue_ids":[],"_links":{"self":[{"href":"https:\/\/agora.xtec.cat\/ceipsab\/wp-json\/wp\/v2\/posts\/8755","targetHints":{"allow":["GET"]}}],"collection":[{"href":"https:\/\/agora.xtec.cat\/ceipsab\/wp-json\/wp\/v2\/posts"}],"about":[{"href":"https:\/\/agora.xtec.cat\/ceipsab\/wp-json\/wp\/v2\/types\/post"}],"author":[{"embeddable":true,"href":"https:\/\/agora.xtec.cat\/ceipsab\/wp-json\/wp\/v2\/users\/56"}],"replies":[{"embeddable":true,"href":"https:\/\/agora.xtec.cat\/ceipsab\/wp-json\/wp\/v2\/comments?post=8755"}],"version-history":[{"count":1,"href":"https:\/\/agora.xtec.cat\/ceipsab\/wp-json\/wp\/v2\/posts\/8755\/revisions"}],"predecessor-version":[{"id":8756,"href":"https:\/\/agora.xtec.cat\/ceipsab\/wp-json\/wp\/v2\/posts\/8755\/revisions\/8756"}],"wp:attachment":[{"href":"https:\/\/agora.xtec.cat\/ceipsab\/wp-json\/wp\/v2\/media?parent=8755"}],"wp:term":[{"taxonomy":"category","embeddable":true,"href":"https:\/\/agora.xtec.cat\/ceipsab\/wp-json\/wp\/v2\/categories?post=8755"},{"taxonomy":"post_tag","embeddable":true,"href":"https:\/\/agora.xtec.cat\/ceipsab\/wp-json\/wp\/v2\/tags?post=8755"}],"curies":[{"name":"wp","href":"https:\/\/api.w.org\/{rel}","templated":true}]}}