{"id":8656,"date":"2021-12-22T22:43:18","date_gmt":"2021-12-22T21:43:18","guid":{"rendered":"https:\/\/agora.xtec.cat\/ceipsab\/?p=8656"},"modified":"2021-12-22T22:43:18","modified_gmt":"2021-12-22T21:43:18","slug":"p3-tio-i-patge-reial","status":"publish","type":"post","link":"https:\/\/agora.xtec.cat\/ceipsab\/educacio-infantil\/p3\/p3-tio-i-patge-reial\/","title":{"rendered":"P3 TI\u00d3 I PATGE REIAL"},"content":{"rendered":"<p>Hola fam\u00edlies!<\/p>\n<p>L&#8217;\u00faltim dia del trimestre, els infants de P3 hem passat un dia ple d&#8217;emocions, primer hem anat a visitar al Ti\u00f3, li hem cantat la can\u00e7\u00f3 i ens ha cagat uns regals ben macos! Despr\u00e9s, hem visitat al Patge Reial i cadasc\u00fa de nosaltres li hem donat la carta, a veure qu\u00e8 ens porten els Reis Mags. A m\u00e9s, hem fet un tastet de torrons cortesia de l&#8217;AMPA, mmm <span class=\"hiddenGrammarError\">qu\u00e8<\/span>\u00a0bo!<br \/>\n<span class=\"hiddenGreenError\" style=\"padding-bottom: 2px;background-image: url('..\/..\/..\/..\/..\/images\/squiggle_green.png');background-position: left bottom;cursor: default;color: #000000;font-family: 'Open Sans', Helvetica, Arial, sans-serif;font-size: 16px;font-style: normal;font-weight: 300;letter-spacing: normal;text-align: start;text-indent: 0px;text-transform: none\">A<\/span>\u00a0continuaci\u00f3 us mostrem les fotos (clicant a sobre de la fotografia):<\/p>\n<p>P3A<\/p>\n<p><a href=\"https:\/\/photos.app.goo.gl\/g2WNx8ih76Sq7YjP8\"><img loading=\"lazy\" decoding=\"async\" class=\"alignnone wp-image-8658\" src=\"https:\/\/agora.xtec.cat\/ceipsab\/wp-content\/uploads\/usu1011\/2021\/12\/16.jpg\" alt=\"\" width=\"360\" height=\"245\" srcset=\"https:\/\/agora.xtec.cat\/ceipsab\/wp-content\/uploads\/usu1011\/2021\/12\/16.jpg 487w, https:\/\/agora.xtec.cat\/ceipsab\/wp-content\/uploads\/usu1011\/2021\/12\/16-300x204.jpg 300w\" sizes=\"auto, (max-width: 360px) 100vw, 360px\" \/><\/a><\/p>\n<p>P3B<\/p>\n<p><a href=\"https:\/\/photos.app.goo.gl\/fhhhwS4dC9DUdH3z7\"><img loading=\"lazy\" decoding=\"async\" class=\"alignnone wp-image-8658\" src=\"https:\/\/agora.xtec.cat\/ceipsab\/wp-content\/uploads\/usu1011\/2021\/12\/16.jpg\" alt=\"\" width=\"355\" height=\"241\" srcset=\"https:\/\/agora.xtec.cat\/ceipsab\/wp-content\/uploads\/usu1011\/2021\/12\/16.jpg 487w, https:\/\/agora.xtec.cat\/ceipsab\/wp-content\/uploads\/usu1011\/2021\/12\/16-300x204.jpg 300w\" sizes=\"auto, (max-width: 355px) 100vw, 355px\" \/><\/a><\/p>\n<p>&nbsp;<\/p>\n","protected":false},"excerpt":{"rendered":"<p>Hola fam\u00edlies!<br \/>\nL&#8217;\u00faltim dia del trimestre, els infants de P3 hem passat un dia ple d&#8217;emocions, primer hem anat a visitar al Ti\u00f3, li hem cantat la can\u00e7\u00f3 i ens ha cagat uns regals ben macos! Despr\u00e9s, hem visitat al Patge Reial i cadasc\u00fa de nosaltres&hellip;  <a href=\"https:\/\/agora.xtec.cat\/ceipsab\/educacio-infantil\/p3\/p3-tio-i-patge-reial\/\" title=\"Read P3 TI\u00d3 I PATGE REIAL\">Llegeix m\u00e9s\u00bb<\/a><\/p>\n","protected":false},"author":1,"featured_media":8658,"comment_status":"open","ping_status":"closed","sticky":false,"template":"","format":"standard","meta":{"_bbp_topic_count":0,"_bbp_reply_count":0,"_bbp_total_topic_count":0,"_bbp_total_reply_count":0,"_bbp_voice_count":0,"_bbp_anonymous_reply_count":0,"_bbp_topic_count_hidden":0,"_bbp_reply_count_hidden":0,"_bbp_forum_subforum_count":0,"footnotes":""},"categories":[62,3],"tags":[],"class_list":["post-8656","post","type-post","status-publish","format-standard","has-post-thumbnail","hentry","category-educacio-infantil","category-p3"],"post_mailing_queue_ids":[],"_links":{"self":[{"href":"https:\/\/agora.xtec.cat\/ceipsab\/wp-json\/wp\/v2\/posts\/8656","targetHints":{"allow":["GET"]}}],"collection":[{"href":"https:\/\/agora.xtec.cat\/ceipsab\/wp-json\/wp\/v2\/posts"}],"about":[{"href":"https:\/\/agora.xtec.cat\/ceipsab\/wp-json\/wp\/v2\/types\/post"}],"author":[{"embeddable":true,"href":"https:\/\/agora.xtec.cat\/ceipsab\/wp-json\/wp\/v2\/users\/1"}],"replies":[{"embeddable":true,"href":"https:\/\/agora.xtec.cat\/ceipsab\/wp-json\/wp\/v2\/comments?post=8656"}],"version-history":[{"count":2,"href":"https:\/\/agora.xtec.cat\/ceipsab\/wp-json\/wp\/v2\/posts\/8656\/revisions"}],"predecessor-version":[{"id":8660,"href":"https:\/\/agora.xtec.cat\/ceipsab\/wp-json\/wp\/v2\/posts\/8656\/revisions\/8660"}],"wp:featuredmedia":[{"embeddable":true,"href":"https:\/\/agora.xtec.cat\/ceipsab\/wp-json\/wp\/v2\/media\/8658"}],"wp:attachment":[{"href":"https:\/\/agora.xtec.cat\/ceipsab\/wp-json\/wp\/v2\/media?parent=8656"}],"wp:term":[{"taxonomy":"category","embeddable":true,"href":"https:\/\/agora.xtec.cat\/ceipsab\/wp-json\/wp\/v2\/categories?post=8656"},{"taxonomy":"post_tag","embeddable":true,"href":"https:\/\/agora.xtec.cat\/ceipsab\/wp-json\/wp\/v2\/tags?post=8656"}],"curies":[{"name":"wp","href":"https:\/\/api.w.org\/{rel}","templated":true}]}}