{"id":8652,"date":"2021-12-22T22:43:05","date_gmt":"2021-12-22T21:43:05","guid":{"rendered":"https:\/\/agora.xtec.cat\/ceipsab\/?p=8652"},"modified":"2021-12-22T22:43:05","modified_gmt":"2021-12-22T21:43:05","slug":"p3-celebrem-nadal","status":"publish","type":"post","link":"https:\/\/agora.xtec.cat\/ceipsab\/educacio-infantil\/p3\/p3-celebrem-nadal\/","title":{"rendered":"P3 CELEBREM\u00a0NADAL"},"content":{"rendered":"<p>CELEBREM\u00a0Nadal<br \/>\nHola fam\u00edlies!<br \/>\nCom ja sabeu, s&#8217;apropen les festes de Nadal, uns dies plens de m\u00e0gia on celebrem les festes amb uns dinars i sopars ben bons. Per aix\u00f2, durant aquests dies els nens i les nenes de P3 hem estat\u00a0duent a terme\u00a0diverses activitats nadalenques. Hem decorat arbres, hem fet ninots de neu&#8230; i tamb\u00e9 hem parat una taula de Nadal amb els seus plats, gots, copes i, fins i tot, galets! I, sabeu qu\u00e8? Tamb\u00e9 hem fet un brindis amb copes i cava de veritat! Mmmm\u00a0que\u00a0bo que estava! Us deixem unes imatges perqu\u00e8 ens veieu (clicant a sobre de la fotografia):<\/p>\n<p>P3A<\/p>\n<p><a href=\"https:\/\/photos.app.goo.gl\/1zFqerfh5XQxqD559\"><img loading=\"lazy\" decoding=\"async\" class=\"alignnone size-full wp-image-8653\" src=\"https:\/\/agora.xtec.cat\/ceipsab\/wp-content\/uploads\/usu1011\/2021\/12\/14.jpg\" alt=\"\" width=\"431\" height=\"293\" srcset=\"https:\/\/agora.xtec.cat\/ceipsab\/wp-content\/uploads\/usu1011\/2021\/12\/14.jpg 431w, https:\/\/agora.xtec.cat\/ceipsab\/wp-content\/uploads\/usu1011\/2021\/12\/14-300x204.jpg 300w\" sizes=\"auto, (max-width: 431px) 100vw, 431px\" \/><\/a><\/p>\n<p>P3B<\/p>\n<p><a href=\"https:\/\/photos.app.goo.gl\/NgCp1wTMXqtE4qsEA\"><img loading=\"lazy\" decoding=\"async\" class=\"alignnone size-full wp-image-8654\" src=\"https:\/\/agora.xtec.cat\/ceipsab\/wp-content\/uploads\/usu1011\/2021\/12\/15.jpg\" alt=\"\" width=\"439\" height=\"536\" srcset=\"https:\/\/agora.xtec.cat\/ceipsab\/wp-content\/uploads\/usu1011\/2021\/12\/15.jpg 439w, https:\/\/agora.xtec.cat\/ceipsab\/wp-content\/uploads\/usu1011\/2021\/12\/15-246x300.jpg 246w\" sizes=\"auto, (max-width: 439px) 100vw, 439px\" \/><\/a><\/p>\n<p>&nbsp;<\/p>\n","protected":false},"excerpt":{"rendered":"<p>CELEBREM\u00a0Nadal<br \/>\nHola fam\u00edlies!<br \/>\nCom ja sabeu, s&#8217;apropen les festes de Nadal, uns dies plens de m\u00e0gia on celebrem les festes amb uns dinars i sopars ben bons. Per aix\u00f2, durant aquests dies els nens i les nenes de P3 hem estat\u00a0duent a terme\u00a0diverses activitats nadalenques. Hem decorat&hellip;  <a href=\"https:\/\/agora.xtec.cat\/ceipsab\/educacio-infantil\/p3\/p3-celebrem-nadal\/\" title=\"Read P3 CELEBREM\u00a0NADAL\">Llegeix m\u00e9s\u00bb<\/a><\/p>\n","protected":false},"author":1,"featured_media":8654,"comment_status":"open","ping_status":"closed","sticky":false,"template":"","format":"standard","meta":{"_bbp_topic_count":0,"_bbp_reply_count":0,"_bbp_total_topic_count":0,"_bbp_total_reply_count":0,"_bbp_voice_count":0,"_bbp_anonymous_reply_count":0,"_bbp_topic_count_hidden":0,"_bbp_reply_count_hidden":0,"_bbp_forum_subforum_count":0,"footnotes":""},"categories":[62,3],"tags":[],"class_list":["post-8652","post","type-post","status-publish","format-standard","has-post-thumbnail","hentry","category-educacio-infantil","category-p3"],"post_mailing_queue_ids":[],"_links":{"self":[{"href":"https:\/\/agora.xtec.cat\/ceipsab\/wp-json\/wp\/v2\/posts\/8652","targetHints":{"allow":["GET"]}}],"collection":[{"href":"https:\/\/agora.xtec.cat\/ceipsab\/wp-json\/wp\/v2\/posts"}],"about":[{"href":"https:\/\/agora.xtec.cat\/ceipsab\/wp-json\/wp\/v2\/types\/post"}],"author":[{"embeddable":true,"href":"https:\/\/agora.xtec.cat\/ceipsab\/wp-json\/wp\/v2\/users\/1"}],"replies":[{"embeddable":true,"href":"https:\/\/agora.xtec.cat\/ceipsab\/wp-json\/wp\/v2\/comments?post=8652"}],"version-history":[{"count":1,"href":"https:\/\/agora.xtec.cat\/ceipsab\/wp-json\/wp\/v2\/posts\/8652\/revisions"}],"predecessor-version":[{"id":8655,"href":"https:\/\/agora.xtec.cat\/ceipsab\/wp-json\/wp\/v2\/posts\/8652\/revisions\/8655"}],"wp:featuredmedia":[{"embeddable":true,"href":"https:\/\/agora.xtec.cat\/ceipsab\/wp-json\/wp\/v2\/media\/8654"}],"wp:attachment":[{"href":"https:\/\/agora.xtec.cat\/ceipsab\/wp-json\/wp\/v2\/media?parent=8652"}],"wp:term":[{"taxonomy":"category","embeddable":true,"href":"https:\/\/agora.xtec.cat\/ceipsab\/wp-json\/wp\/v2\/categories?post=8652"},{"taxonomy":"post_tag","embeddable":true,"href":"https:\/\/agora.xtec.cat\/ceipsab\/wp-json\/wp\/v2\/tags?post=8652"}],"curies":[{"name":"wp","href":"https:\/\/api.w.org\/{rel}","templated":true}]}}