{"id":8648,"date":"2021-12-22T22:18:49","date_gmt":"2021-12-22T21:18:49","guid":{"rendered":"https:\/\/agora.xtec.cat\/ceipsab\/?p=8648"},"modified":"2021-12-22T22:18:49","modified_gmt":"2021-12-22T21:18:49","slug":"p3-racons-de-treball-2a-volta","status":"publish","type":"post","link":"https:\/\/agora.xtec.cat\/ceipsab\/educacio-infantil\/p3\/p3-racons-de-treball-2a-volta\/","title":{"rendered":"P3 RACONS DE TREBALL 2A VOLTA"},"content":{"rendered":"<p>Hola, fam\u00edlies!<br \/>\nEls nens i les nenes de P3 continuem realitzant els racons de treball: el de llengua on treballem el nostre nom i els dels companys i companyes, el de matem\u00e0tiques on treballem amb blocs l\u00f2gics i peces amb volum, el de pl\u00e0stica on pintem en c\u00e8rcols, el d&#8217;experimentaci\u00f3 on juguem amb gelatina i el de mans divertides on treballem la motricitat fina.<\/p>\n<p>A continuaci\u00f3 us deixem les fotografies de la segona tanda per a qu\u00e8 ens veieu (clicant a sobre de la fotografia).<\/p>\n<p>P3A<\/p>\n<p><a href=\"https:\/\/photos.app.goo.gl\/qdfbpvfua6E2c9ku5\"><img loading=\"lazy\" decoding=\"async\" class=\"alignnone  wp-image-8649\" src=\"https:\/\/agora.xtec.cat\/ceipsab\/wp-content\/uploads\/usu1011\/2021\/12\/12.jpg\" alt=\"\" width=\"438\" height=\"244\" srcset=\"https:\/\/agora.xtec.cat\/ceipsab\/wp-content\/uploads\/usu1011\/2021\/12\/12.jpg 756w, https:\/\/agora.xtec.cat\/ceipsab\/wp-content\/uploads\/usu1011\/2021\/12\/12-300x167.jpg 300w\" sizes=\"auto, (max-width: 438px) 100vw, 438px\" \/><\/a><\/p>\n<p>P3B<\/p>\n<p><a href=\"https:\/\/photos.app.goo.gl\/VHiChh8ad8T41Cm79\"><img loading=\"lazy\" decoding=\"async\" class=\"alignnone  wp-image-8650\" src=\"https:\/\/agora.xtec.cat\/ceipsab\/wp-content\/uploads\/usu1011\/2021\/12\/13.jpg\" alt=\"\" width=\"435\" height=\"353\" srcset=\"https:\/\/agora.xtec.cat\/ceipsab\/wp-content\/uploads\/usu1011\/2021\/12\/13.jpg 313w, https:\/\/agora.xtec.cat\/ceipsab\/wp-content\/uploads\/usu1011\/2021\/12\/13-300x243.jpg 300w\" sizes=\"auto, (max-width: 435px) 100vw, 435px\" \/><\/a><\/p>\n","protected":false},"excerpt":{"rendered":"<p>Hola, fam\u00edlies!<br \/>\nEls nens i les nenes de P3 continuem realitzant els racons de treball: el de llengua on treballem el nostre nom i els dels companys i companyes, el de matem\u00e0tiques on treballem amb blocs l\u00f2gics i peces amb volum, el de pl\u00e0stica on pintem&hellip;  <a href=\"https:\/\/agora.xtec.cat\/ceipsab\/educacio-infantil\/p3\/p3-racons-de-treball-2a-volta\/\" title=\"Read P3 RACONS DE TREBALL 2A VOLTA\">Llegeix m\u00e9s\u00bb<\/a><\/p>\n","protected":false},"author":1,"featured_media":8650,"comment_status":"open","ping_status":"closed","sticky":false,"template":"","format":"standard","meta":{"_bbp_topic_count":0,"_bbp_reply_count":0,"_bbp_total_topic_count":0,"_bbp_total_reply_count":0,"_bbp_voice_count":0,"_bbp_anonymous_reply_count":0,"_bbp_topic_count_hidden":0,"_bbp_reply_count_hidden":0,"_bbp_forum_subforum_count":0,"footnotes":""},"categories":[62,3],"tags":[],"class_list":["post-8648","post","type-post","status-publish","format-standard","has-post-thumbnail","hentry","category-educacio-infantil","category-p3"],"post_mailing_queue_ids":[],"_links":{"self":[{"href":"https:\/\/agora.xtec.cat\/ceipsab\/wp-json\/wp\/v2\/posts\/8648","targetHints":{"allow":["GET"]}}],"collection":[{"href":"https:\/\/agora.xtec.cat\/ceipsab\/wp-json\/wp\/v2\/posts"}],"about":[{"href":"https:\/\/agora.xtec.cat\/ceipsab\/wp-json\/wp\/v2\/types\/post"}],"author":[{"embeddable":true,"href":"https:\/\/agora.xtec.cat\/ceipsab\/wp-json\/wp\/v2\/users\/1"}],"replies":[{"embeddable":true,"href":"https:\/\/agora.xtec.cat\/ceipsab\/wp-json\/wp\/v2\/comments?post=8648"}],"version-history":[{"count":1,"href":"https:\/\/agora.xtec.cat\/ceipsab\/wp-json\/wp\/v2\/posts\/8648\/revisions"}],"predecessor-version":[{"id":8651,"href":"https:\/\/agora.xtec.cat\/ceipsab\/wp-json\/wp\/v2\/posts\/8648\/revisions\/8651"}],"wp:featuredmedia":[{"embeddable":true,"href":"https:\/\/agora.xtec.cat\/ceipsab\/wp-json\/wp\/v2\/media\/8650"}],"wp:attachment":[{"href":"https:\/\/agora.xtec.cat\/ceipsab\/wp-json\/wp\/v2\/media?parent=8648"}],"wp:term":[{"taxonomy":"category","embeddable":true,"href":"https:\/\/agora.xtec.cat\/ceipsab\/wp-json\/wp\/v2\/categories?post=8648"},{"taxonomy":"post_tag","embeddable":true,"href":"https:\/\/agora.xtec.cat\/ceipsab\/wp-json\/wp\/v2\/tags?post=8648"}],"curies":[{"name":"wp","href":"https:\/\/api.w.org\/{rel}","templated":true}]}}