{"id":8642,"date":"2021-12-22T22:09:58","date_gmt":"2021-12-22T21:09:58","guid":{"rendered":"https:\/\/agora.xtec.cat\/ceipsab\/?p=8642"},"modified":"2021-12-22T22:13:03","modified_gmt":"2021-12-22T21:13:03","slug":"p3-magia-color-vermell","status":"publish","type":"post","link":"https:\/\/agora.xtec.cat\/ceipsab\/educacio-infantil\/p3\/p3-magia-color-vermell\/","title":{"rendered":"P3 M\u00c0GIA COLOR VERMELL"},"content":{"rendered":"<p>Hola,\u00a0fam\u00edlies!<\/p>\n<p>Fa uns dies va ser un dia molt divertit a l&#8217;escola, sabeu per qu\u00e8? Doncs resulta que vam fer m\u00e0gia, la m\u00e0gia del color vermell.<br \/>\nPrimer, vam sentir el conte de la Bruixa coloraina i vam aprendre unes paraules m\u00e0giques que ella fa servir. Despr\u00e9s vam posar aigua a una ampolla, vam dir les paraules m\u00e0giques amb la vareta i&#8230;\u00a0l&#8217;aigua es va tornar vermella! Ens voleu veure?<br \/>\nEns podeu veure a continuaci\u00f3 (clicant a sobre de la fotografia).<\/p>\n<p>P3A<\/p>\n<p><a href=\"https:\/\/photos.app.goo.gl\/VQ4sZB67qPnreVC49\"><img loading=\"lazy\" decoding=\"async\" class=\"alignnone size-full wp-image-8646\" src=\"https:\/\/agora.xtec.cat\/ceipsab\/wp-content\/uploads\/usu1011\/2021\/12\/11.jpg\" alt=\"\" width=\"317\" height=\"486\" srcset=\"https:\/\/agora.xtec.cat\/ceipsab\/wp-content\/uploads\/usu1011\/2021\/12\/11.jpg 317w, https:\/\/agora.xtec.cat\/ceipsab\/wp-content\/uploads\/usu1011\/2021\/12\/11-196x300.jpg 196w\" sizes=\"auto, (max-width: 317px) 100vw, 317px\" \/><\/a><\/p>\n<p>P3B<\/p>\n<p><a href=\"https:\/\/photos.app.goo.gl\/ZpKHtqdacz9UFyjPA\"><img loading=\"lazy\" decoding=\"async\" class=\"alignnone size-full wp-image-8646\" src=\"https:\/\/agora.xtec.cat\/ceipsab\/wp-content\/uploads\/usu1011\/2021\/12\/11.jpg\" alt=\"\" width=\"317\" height=\"486\" srcset=\"https:\/\/agora.xtec.cat\/ceipsab\/wp-content\/uploads\/usu1011\/2021\/12\/11.jpg 317w, https:\/\/agora.xtec.cat\/ceipsab\/wp-content\/uploads\/usu1011\/2021\/12\/11-196x300.jpg 196w\" sizes=\"auto, (max-width: 317px) 100vw, 317px\" \/><\/a><\/p>\n<p>&nbsp;<\/p>\n","protected":false},"excerpt":{"rendered":"<p>Hola,\u00a0fam\u00edlies!<br \/>\nFa uns dies va ser un dia molt divertit a l&#8217;escola, sabeu per qu\u00e8? Doncs resulta que vam fer m\u00e0gia, la m\u00e0gia del color vermell.<br \/>\nPrimer, vam sentir el conte de la Bruixa coloraina i vam aprendre unes paraules m\u00e0giques que ella fa servir. Despr\u00e9s vam&hellip;  <a href=\"https:\/\/agora.xtec.cat\/ceipsab\/educacio-infantil\/p3\/p3-magia-color-vermell\/\" title=\"Read P3 M\u00c0GIA COLOR VERMELL\">Llegeix m\u00e9s\u00bb<\/a><\/p>\n","protected":false},"author":1,"featured_media":8646,"comment_status":"open","ping_status":"closed","sticky":false,"template":"","format":"standard","meta":{"_bbp_topic_count":0,"_bbp_reply_count":0,"_bbp_total_topic_count":0,"_bbp_total_reply_count":0,"_bbp_voice_count":0,"_bbp_anonymous_reply_count":0,"_bbp_topic_count_hidden":0,"_bbp_reply_count_hidden":0,"_bbp_forum_subforum_count":0,"footnotes":""},"categories":[62,3],"tags":[],"class_list":["post-8642","post","type-post","status-publish","format-standard","has-post-thumbnail","hentry","category-educacio-infantil","category-p3"],"post_mailing_queue_ids":[],"_links":{"self":[{"href":"https:\/\/agora.xtec.cat\/ceipsab\/wp-json\/wp\/v2\/posts\/8642","targetHints":{"allow":["GET"]}}],"collection":[{"href":"https:\/\/agora.xtec.cat\/ceipsab\/wp-json\/wp\/v2\/posts"}],"about":[{"href":"https:\/\/agora.xtec.cat\/ceipsab\/wp-json\/wp\/v2\/types\/post"}],"author":[{"embeddable":true,"href":"https:\/\/agora.xtec.cat\/ceipsab\/wp-json\/wp\/v2\/users\/1"}],"replies":[{"embeddable":true,"href":"https:\/\/agora.xtec.cat\/ceipsab\/wp-json\/wp\/v2\/comments?post=8642"}],"version-history":[{"count":2,"href":"https:\/\/agora.xtec.cat\/ceipsab\/wp-json\/wp\/v2\/posts\/8642\/revisions"}],"predecessor-version":[{"id":8647,"href":"https:\/\/agora.xtec.cat\/ceipsab\/wp-json\/wp\/v2\/posts\/8642\/revisions\/8647"}],"wp:featuredmedia":[{"embeddable":true,"href":"https:\/\/agora.xtec.cat\/ceipsab\/wp-json\/wp\/v2\/media\/8646"}],"wp:attachment":[{"href":"https:\/\/agora.xtec.cat\/ceipsab\/wp-json\/wp\/v2\/media?parent=8642"}],"wp:term":[{"taxonomy":"category","embeddable":true,"href":"https:\/\/agora.xtec.cat\/ceipsab\/wp-json\/wp\/v2\/categories?post=8642"},{"taxonomy":"post_tag","embeddable":true,"href":"https:\/\/agora.xtec.cat\/ceipsab\/wp-json\/wp\/v2\/tags?post=8642"}],"curies":[{"name":"wp","href":"https:\/\/api.w.org\/{rel}","templated":true}]}}