{"id":8638,"date":"2021-12-22T21:42:43","date_gmt":"2021-12-22T20:42:43","guid":{"rendered":"https:\/\/agora.xtec.cat\/ceipsab\/?p=8638"},"modified":"2021-12-22T21:42:43","modified_gmt":"2021-12-22T20:42:43","slug":"p3-numero-1","status":"publish","type":"post","link":"https:\/\/agora.xtec.cat\/ceipsab\/educacio-infantil\/p3\/p3-numero-1\/","title":{"rendered":"P3 N\u00daMERO 1"},"content":{"rendered":"<p>Hola, fam\u00edlies!<\/p>\n<p>Durant aquest primer trimestre, els nens i les nenes de P3 hem treballat el n\u00famero 1. Hem mirat les seves caracter\u00edstiques, la seva grafia, la forma que t\u00e9, etc. i hem fet moltes activitats: l&#8217;hem escrit, l&#8217;hem fet amb plastilina, l&#8217;hem repassat amb el dit i amb sal a la taula de llum&#8230; A m\u00e9s, l&#8217;altre dia es va perdre el n\u00famero 1 per l&#8217;escola i vam haver de buscar-ho i observar b\u00e9 on podia amargar-se. El vam trobar i el vam enganxar a un paper on el vam repassar amb gomets. Ens ha encantat fer aquestes activitats!<br \/>\nEns podeu veure a continuaci\u00f3 (clicant a sobre de la fotografia).<\/p>\n<p>P3A<\/p>\n<p><a href=\"https:\/\/photos.app.goo.gl\/cYPdV1GkNcxz9Sj5A\"><img loading=\"lazy\" decoding=\"async\" class=\"alignnone  wp-image-8639\" src=\"https:\/\/agora.xtec.cat\/ceipsab\/wp-content\/uploads\/usu1011\/2021\/12\/8.jpg\" alt=\"\" width=\"406\" height=\"239\" srcset=\"https:\/\/agora.xtec.cat\/ceipsab\/wp-content\/uploads\/usu1011\/2021\/12\/8.jpg 650w, https:\/\/agora.xtec.cat\/ceipsab\/wp-content\/uploads\/usu1011\/2021\/12\/8-300x177.jpg 300w\" sizes=\"auto, (max-width: 406px) 100vw, 406px\" \/><\/a><\/p>\n<p>P3B<\/p>\n<p><a href=\"https:\/\/photos.app.goo.gl\/2qj63LfNSmFeT1SG8\"><img loading=\"lazy\" decoding=\"async\" class=\"alignnone size-full wp-image-8640\" src=\"https:\/\/agora.xtec.cat\/ceipsab\/wp-content\/uploads\/usu1011\/2021\/12\/9.jpg\" alt=\"\" width=\"414\" height=\"345\" srcset=\"https:\/\/agora.xtec.cat\/ceipsab\/wp-content\/uploads\/usu1011\/2021\/12\/9.jpg 414w, https:\/\/agora.xtec.cat\/ceipsab\/wp-content\/uploads\/usu1011\/2021\/12\/9-300x250.jpg 300w\" sizes=\"auto, (max-width: 414px) 100vw, 414px\" \/><\/a><\/p>\n<p>&nbsp;<\/p>\n","protected":false},"excerpt":{"rendered":"<p>Hola, fam\u00edlies!<br \/>\nDurant aquest primer trimestre, els nens i les nenes de P3 hem treballat el n\u00famero 1. Hem mirat les seves caracter\u00edstiques, la seva grafia, la forma que t\u00e9, etc. i hem fet moltes activitats: l&#8217;hem escrit, l&#8217;hem fet amb plastilina, l&#8217;hem repassat amb el&hellip;  <a href=\"https:\/\/agora.xtec.cat\/ceipsab\/educacio-infantil\/p3\/p3-numero-1\/\" title=\"Read P3 N\u00daMERO 1\">Llegeix m\u00e9s\u00bb<\/a><\/p>\n","protected":false},"author":1,"featured_media":8640,"comment_status":"open","ping_status":"closed","sticky":false,"template":"","format":"standard","meta":{"_bbp_topic_count":0,"_bbp_reply_count":0,"_bbp_total_topic_count":0,"_bbp_total_reply_count":0,"_bbp_voice_count":0,"_bbp_anonymous_reply_count":0,"_bbp_topic_count_hidden":0,"_bbp_reply_count_hidden":0,"_bbp_forum_subforum_count":0,"footnotes":""},"categories":[62,3],"tags":[],"class_list":["post-8638","post","type-post","status-publish","format-standard","has-post-thumbnail","hentry","category-educacio-infantil","category-p3"],"post_mailing_queue_ids":[],"_links":{"self":[{"href":"https:\/\/agora.xtec.cat\/ceipsab\/wp-json\/wp\/v2\/posts\/8638","targetHints":{"allow":["GET"]}}],"collection":[{"href":"https:\/\/agora.xtec.cat\/ceipsab\/wp-json\/wp\/v2\/posts"}],"about":[{"href":"https:\/\/agora.xtec.cat\/ceipsab\/wp-json\/wp\/v2\/types\/post"}],"author":[{"embeddable":true,"href":"https:\/\/agora.xtec.cat\/ceipsab\/wp-json\/wp\/v2\/users\/1"}],"replies":[{"embeddable":true,"href":"https:\/\/agora.xtec.cat\/ceipsab\/wp-json\/wp\/v2\/comments?post=8638"}],"version-history":[{"count":1,"href":"https:\/\/agora.xtec.cat\/ceipsab\/wp-json\/wp\/v2\/posts\/8638\/revisions"}],"predecessor-version":[{"id":8641,"href":"https:\/\/agora.xtec.cat\/ceipsab\/wp-json\/wp\/v2\/posts\/8638\/revisions\/8641"}],"wp:featuredmedia":[{"embeddable":true,"href":"https:\/\/agora.xtec.cat\/ceipsab\/wp-json\/wp\/v2\/media\/8640"}],"wp:attachment":[{"href":"https:\/\/agora.xtec.cat\/ceipsab\/wp-json\/wp\/v2\/media?parent=8638"}],"wp:term":[{"taxonomy":"category","embeddable":true,"href":"https:\/\/agora.xtec.cat\/ceipsab\/wp-json\/wp\/v2\/categories?post=8638"},{"taxonomy":"post_tag","embeddable":true,"href":"https:\/\/agora.xtec.cat\/ceipsab\/wp-json\/wp\/v2\/tags?post=8638"}],"curies":[{"name":"wp","href":"https:\/\/api.w.org\/{rel}","templated":true}]}}