{"id":8621,"date":"2021-12-22T21:13:56","date_gmt":"2021-12-22T20:13:56","guid":{"rendered":"https:\/\/agora.xtec.cat\/ceipsab\/?p=8621"},"modified":"2021-12-22T21:13:56","modified_gmt":"2021-12-22T20:13:56","slug":"p3-taller-matematic-series-i-patrons","status":"publish","type":"post","link":"https:\/\/agora.xtec.cat\/ceipsab\/educacio-infantil\/p3\/p3-taller-matematic-series-i-patrons\/","title":{"rendered":"P3 TALLER MATEM\u00c0TIC: S\u00c8RIES I PATRONS"},"content":{"rendered":"<p>Hola, fam\u00edlies!<br \/>\nEls infants de P3 estem descobrint conceptes matem\u00e0tics a partir de diferents materials i diverses activitats.<br \/>\nEn aquest taller els Crics ens han ensenyat patrons i hem fet s\u00e8ries amb el nostre propi cos (asseguts, drets<span class=\"hiddenGrammarError\" style=\"padding-bottom: 2px;background-image: url('..\/..\/..\/..\/..\/images\/squiggle.png');background-position: left bottom;cursor: default;color: #000000;font-family: 'Open Sans', Helvetica, Arial, sans-serif;font-size: 16px;font-style: normal;font-weight: 300;letter-spacing: normal;text-align: start;text-indent: 0px;text-transform: none\">,&#8230;<\/span>), amb diferents materials (pinyes, pals, pedres&#8230;) i amb materials matem\u00e0tics (<span class=\"hiddenSpellError\">policubs<\/span>, gomets&#8230;)<br \/>\nHem descobert les s\u00e8ries jugant i continuarem aprenent m\u00e9s!<\/p>\n<p>Ens podeu veure a continuaci\u00f3 (clicant a sobre de la fotografia)<\/p>\n<p>P3A<\/p>\n<p><a href=\"https:\/\/photos.app.goo.gl\/Zj3E1kTLX5Uj3hN17\"><img loading=\"lazy\" decoding=\"async\" class=\"alignnone size-full wp-image-8622\" src=\"https:\/\/agora.xtec.cat\/ceipsab\/wp-content\/uploads\/usu1011\/2021\/12\/2.jpg\" alt=\"\" width=\"439\" height=\"222\" srcset=\"https:\/\/agora.xtec.cat\/ceipsab\/wp-content\/uploads\/usu1011\/2021\/12\/2.jpg 439w, https:\/\/agora.xtec.cat\/ceipsab\/wp-content\/uploads\/usu1011\/2021\/12\/2-300x152.jpg 300w\" sizes=\"auto, (max-width: 439px) 100vw, 439px\" \/><\/a><\/p>\n<p>P3B<\/p>\n<p><a href=\"https:\/\/photos.app.goo.gl\/WPCHdANmaWY7twZS8\"><img loading=\"lazy\" decoding=\"async\" class=\"alignnone  wp-image-8624\" src=\"https:\/\/agora.xtec.cat\/ceipsab\/wp-content\/uploads\/usu1011\/2021\/12\/3.jpg\" alt=\"\" width=\"432\" height=\"262\" srcset=\"https:\/\/agora.xtec.cat\/ceipsab\/wp-content\/uploads\/usu1011\/2021\/12\/3.jpg 551w, https:\/\/agora.xtec.cat\/ceipsab\/wp-content\/uploads\/usu1011\/2021\/12\/3-300x182.jpg 300w\" sizes=\"auto, (max-width: 432px) 100vw, 432px\" \/><\/a><\/p>\n","protected":false},"excerpt":{"rendered":"<p>Hola, fam\u00edlies!<br \/>\nEls infants de P3 estem descobrint conceptes matem\u00e0tics a partir de diferents materials i diverses activitats.<br \/>\nEn aquest taller els Crics ens han ensenyat patrons i hem fet s\u00e8ries amb el nostre propi cos (asseguts, drets,&#8230;), amb diferents materials (pinyes, pals, pedres&#8230;) i amb materials&hellip;  <a href=\"https:\/\/agora.xtec.cat\/ceipsab\/educacio-infantil\/p3\/p3-taller-matematic-series-i-patrons\/\" title=\"Read P3 TALLER MATEM\u00c0TIC: S\u00c8RIES I PATRONS\">Llegeix m\u00e9s\u00bb<\/a><\/p>\n","protected":false},"author":1,"featured_media":8624,"comment_status":"open","ping_status":"closed","sticky":false,"template":"","format":"standard","meta":{"_bbp_topic_count":0,"_bbp_reply_count":0,"_bbp_total_topic_count":0,"_bbp_total_reply_count":0,"_bbp_voice_count":0,"_bbp_anonymous_reply_count":0,"_bbp_topic_count_hidden":0,"_bbp_reply_count_hidden":0,"_bbp_forum_subforum_count":0,"footnotes":""},"categories":[62,3],"tags":[],"class_list":["post-8621","post","type-post","status-publish","format-standard","has-post-thumbnail","hentry","category-educacio-infantil","category-p3"],"post_mailing_queue_ids":[],"_links":{"self":[{"href":"https:\/\/agora.xtec.cat\/ceipsab\/wp-json\/wp\/v2\/posts\/8621","targetHints":{"allow":["GET"]}}],"collection":[{"href":"https:\/\/agora.xtec.cat\/ceipsab\/wp-json\/wp\/v2\/posts"}],"about":[{"href":"https:\/\/agora.xtec.cat\/ceipsab\/wp-json\/wp\/v2\/types\/post"}],"author":[{"embeddable":true,"href":"https:\/\/agora.xtec.cat\/ceipsab\/wp-json\/wp\/v2\/users\/1"}],"replies":[{"embeddable":true,"href":"https:\/\/agora.xtec.cat\/ceipsab\/wp-json\/wp\/v2\/comments?post=8621"}],"version-history":[{"count":1,"href":"https:\/\/agora.xtec.cat\/ceipsab\/wp-json\/wp\/v2\/posts\/8621\/revisions"}],"predecessor-version":[{"id":8627,"href":"https:\/\/agora.xtec.cat\/ceipsab\/wp-json\/wp\/v2\/posts\/8621\/revisions\/8627"}],"wp:featuredmedia":[{"embeddable":true,"href":"https:\/\/agora.xtec.cat\/ceipsab\/wp-json\/wp\/v2\/media\/8624"}],"wp:attachment":[{"href":"https:\/\/agora.xtec.cat\/ceipsab\/wp-json\/wp\/v2\/media?parent=8621"}],"wp:term":[{"taxonomy":"category","embeddable":true,"href":"https:\/\/agora.xtec.cat\/ceipsab\/wp-json\/wp\/v2\/categories?post=8621"},{"taxonomy":"post_tag","embeddable":true,"href":"https:\/\/agora.xtec.cat\/ceipsab\/wp-json\/wp\/v2\/tags?post=8621"}],"curies":[{"name":"wp","href":"https:\/\/api.w.org\/{rel}","templated":true}]}}