{"id":8581,"date":"2021-12-20T14:16:45","date_gmt":"2021-12-20T13:16:45","guid":{"rendered":"https:\/\/agora.xtec.cat\/ceipsab\/?p=8581"},"modified":"2021-12-20T14:16:45","modified_gmt":"2021-12-20T13:16:45","slug":"p5-mesurem","status":"publish","type":"post","link":"https:\/\/agora.xtec.cat\/ceipsab\/educacio-infantil\/p5\/p5-mesurem\/","title":{"rendered":"P5 MESUREM"},"content":{"rendered":"<p>Amb innovamat, no parem de passar-ho molt b\u00e9 alhora que aprenem. Hem descobert la unitat de mesura: el metre i els cent\u00edmetres. Vam comprovar com s&#8217;utilitza\u00a0 i per a qu\u00e8 serveix. Ens ho hem passat d&#8217;all\u00f2 m\u00e9s b\u00e9 mesurant les coses de la nostra classe i fins i tot mesurant parts del nostre cos.<\/p>\n<p>Ens voleu veure?<\/p>\n<p>&nbsp;<\/p>\n<p>P5 A<\/p>\n<p><a href=\"https:\/\/photos.app.goo.gl\/qVKKMFcDwzug7etg8\"><img loading=\"lazy\" decoding=\"async\" class=\"alignnone wp-image-8583\" src=\"https:\/\/agora.xtec.cat\/ceipsab\/wp-content\/uploads\/usu1011\/2021\/12\/A-1-1024x748.jpg\" alt=\"\" width=\"233\" height=\"170\" srcset=\"https:\/\/agora.xtec.cat\/ceipsab\/wp-content\/uploads\/usu1011\/2021\/12\/A-1-1024x748.jpg 1024w, https:\/\/agora.xtec.cat\/ceipsab\/wp-content\/uploads\/usu1011\/2021\/12\/A-1-300x219.jpg 300w, https:\/\/agora.xtec.cat\/ceipsab\/wp-content\/uploads\/usu1011\/2021\/12\/A-1-768x561.jpg 768w, https:\/\/agora.xtec.cat\/ceipsab\/wp-content\/uploads\/usu1011\/2021\/12\/A-1-1536x1122.jpg 1536w, https:\/\/agora.xtec.cat\/ceipsab\/wp-content\/uploads\/usu1011\/2021\/12\/A-1-2048x1496.jpg 2048w\" sizes=\"auto, (max-width: 233px) 100vw, 233px\" \/><\/a><\/p>\n<p>&nbsp;<\/p>\n<p>P5 B<\/p>\n<p><a href=\"https:\/\/photos.app.goo.gl\/Xx2C8kKBNNeVMvMs9\"><img loading=\"lazy\" decoding=\"async\" class=\" wp-image-8584\" src=\"https:\/\/agora.xtec.cat\/ceipsab\/wp-content\/uploads\/usu1011\/2021\/12\/B-1024x725.jpg\" alt=\"\" width=\"225\" height=\"160\" srcset=\"https:\/\/agora.xtec.cat\/ceipsab\/wp-content\/uploads\/usu1011\/2021\/12\/B-1024x725.jpg 1024w, https:\/\/agora.xtec.cat\/ceipsab\/wp-content\/uploads\/usu1011\/2021\/12\/B-300x212.jpg 300w, https:\/\/agora.xtec.cat\/ceipsab\/wp-content\/uploads\/usu1011\/2021\/12\/B-768x544.jpg 768w, https:\/\/agora.xtec.cat\/ceipsab\/wp-content\/uploads\/usu1011\/2021\/12\/B-1536x1088.jpg 1536w, https:\/\/agora.xtec.cat\/ceipsab\/wp-content\/uploads\/usu1011\/2021\/12\/B-2048x1450.jpg 2048w\" sizes=\"auto, (max-width: 225px) 100vw, 225px\" \/><\/a><\/p>\n","protected":false},"excerpt":{"rendered":"<p>Amb innovamat, no parem de passar-ho molt b\u00e9 alhora que aprenem. Hem descobert la unitat de mesura: el metre i els cent\u00edmetres. Vam comprovar com s&#8217;utilitza\u00a0 i per a qu\u00e8 serveix. Ens ho hem passat d&#8217;all\u00f2 m\u00e9s b\u00e9 mesurant les coses de la nostra classe&hellip;  <a href=\"https:\/\/agora.xtec.cat\/ceipsab\/educacio-infantil\/p5\/p5-mesurem\/\" title=\"Read P5 MESUREM\">Llegeix m\u00e9s\u00bb<\/a><\/p>\n","protected":false},"author":1,"featured_media":8582,"comment_status":"open","ping_status":"closed","sticky":false,"template":"","format":"standard","meta":{"_bbp_topic_count":0,"_bbp_reply_count":0,"_bbp_total_topic_count":0,"_bbp_total_reply_count":0,"_bbp_voice_count":0,"_bbp_anonymous_reply_count":0,"_bbp_topic_count_hidden":0,"_bbp_reply_count_hidden":0,"_bbp_forum_subforum_count":0,"footnotes":""},"categories":[62,9],"tags":[],"class_list":["post-8581","post","type-post","status-publish","format-standard","has-post-thumbnail","hentry","category-educacio-infantil","category-p5"],"post_mailing_queue_ids":[],"_links":{"self":[{"href":"https:\/\/agora.xtec.cat\/ceipsab\/wp-json\/wp\/v2\/posts\/8581","targetHints":{"allow":["GET"]}}],"collection":[{"href":"https:\/\/agora.xtec.cat\/ceipsab\/wp-json\/wp\/v2\/posts"}],"about":[{"href":"https:\/\/agora.xtec.cat\/ceipsab\/wp-json\/wp\/v2\/types\/post"}],"author":[{"embeddable":true,"href":"https:\/\/agora.xtec.cat\/ceipsab\/wp-json\/wp\/v2\/users\/1"}],"replies":[{"embeddable":true,"href":"https:\/\/agora.xtec.cat\/ceipsab\/wp-json\/wp\/v2\/comments?post=8581"}],"version-history":[{"count":3,"href":"https:\/\/agora.xtec.cat\/ceipsab\/wp-json\/wp\/v2\/posts\/8581\/revisions"}],"predecessor-version":[{"id":8597,"href":"https:\/\/agora.xtec.cat\/ceipsab\/wp-json\/wp\/v2\/posts\/8581\/revisions\/8597"}],"wp:featuredmedia":[{"embeddable":true,"href":"https:\/\/agora.xtec.cat\/ceipsab\/wp-json\/wp\/v2\/media\/8582"}],"wp:attachment":[{"href":"https:\/\/agora.xtec.cat\/ceipsab\/wp-json\/wp\/v2\/media?parent=8581"}],"wp:term":[{"taxonomy":"category","embeddable":true,"href":"https:\/\/agora.xtec.cat\/ceipsab\/wp-json\/wp\/v2\/categories?post=8581"},{"taxonomy":"post_tag","embeddable":true,"href":"https:\/\/agora.xtec.cat\/ceipsab\/wp-json\/wp\/v2\/tags?post=8581"}],"curies":[{"name":"wp","href":"https:\/\/api.w.org\/{rel}","templated":true}]}}