{"id":8561,"date":"2021-12-15T16:45:49","date_gmt":"2021-12-15T15:45:49","guid":{"rendered":"https:\/\/agora.xtec.cat\/ceipsab\/?p=8561"},"modified":"2021-12-15T16:45:49","modified_gmt":"2021-12-15T15:45:49","slug":"p5-mirem-diaris","status":"publish","type":"post","link":"https:\/\/agora.xtec.cat\/ceipsab\/educacio-infantil\/p5\/p5-mirem-diaris\/","title":{"rendered":"P5 MIREM DIARIS"},"content":{"rendered":"<p>Fa unes setmanes vam mirar diaris a l&#8217;aula.<\/p>\n<p>Vam veure que hi ha escrites moltes not\u00edcies, amb el t\u00edtol m\u00e9s gran, que tamb\u00e9 surten fotografies, hi ha anuncis&#8230;<\/p>\n<p>Ens vam fixar en una not\u00edcia que tamb\u00e9 surt molt a la televisi\u00f3: el volc\u00e0 de la Palma. I vam decidir crear la nostra pr\u00f2pia not\u00edcia sobre aquest tema.<\/p>\n<figure class=\"figure wp-caption alignnone\"><a href=\"https:\/\/photos.app.goo.gl\/32Jc323Vrsf9Av3m6\"><img loading=\"lazy\" decoding=\"async\" class=\" wp-image-8562\" src=\"https:\/\/agora.xtec.cat\/ceipsab\/wp-content\/uploads\/usu1011\/2021\/12\/IMG_20211213_170745-768x1024.jpg\" alt=\"\" width=\"251\" height=\"334\" srcset=\"https:\/\/agora.xtec.cat\/ceipsab\/wp-content\/uploads\/usu1011\/2021\/12\/IMG_20211213_170745-768x1024.jpg 768w, https:\/\/agora.xtec.cat\/ceipsab\/wp-content\/uploads\/usu1011\/2021\/12\/IMG_20211213_170745-225x300.jpg 225w, https:\/\/agora.xtec.cat\/ceipsab\/wp-content\/uploads\/usu1011\/2021\/12\/IMG_20211213_170745-1152x1536.jpg 1152w, https:\/\/agora.xtec.cat\/ceipsab\/wp-content\/uploads\/usu1011\/2021\/12\/IMG_20211213_170745-1536x2048.jpg 1536w, https:\/\/agora.xtec.cat\/ceipsab\/wp-content\/uploads\/usu1011\/2021\/12\/IMG_20211213_170745-scaled.jpg 1920w\" sizes=\"auto, (max-width: 251px) 100vw, 251px\" \/><\/a><figcaption class=\"wp-caption-text\">dav<\/figcaption><\/figure>\n","protected":false},"excerpt":{"rendered":"<p>Fa unes setmanes vam mirar diaris a l&#8217;aula.<br \/>\nVam veure que hi ha escrites moltes not\u00edcies, amb el t\u00edtol m\u00e9s gran, que tamb\u00e9 surten fotografies, hi ha anuncis&#8230;<br \/>\nEns vam fixar en una not\u00edcia que tamb\u00e9 surt molt a la televisi\u00f3: el volc\u00e0 de la Palma. I&hellip;  <a href=\"https:\/\/agora.xtec.cat\/ceipsab\/educacio-infantil\/p5\/p5-mirem-diaris\/\" title=\"Read P5 MIREM DIARIS\">Llegeix m\u00e9s\u00bb<\/a><\/p>\n","protected":false},"author":48,"featured_media":8562,"comment_status":"open","ping_status":"closed","sticky":false,"template":"","format":"standard","meta":{"_bbp_topic_count":0,"_bbp_reply_count":0,"_bbp_total_topic_count":0,"_bbp_total_reply_count":0,"_bbp_voice_count":0,"_bbp_anonymous_reply_count":0,"_bbp_topic_count_hidden":0,"_bbp_reply_count_hidden":0,"_bbp_forum_subforum_count":0,"footnotes":""},"categories":[62,9],"tags":[],"class_list":["post-8561","post","type-post","status-publish","format-standard","has-post-thumbnail","hentry","category-educacio-infantil","category-p5"],"post_mailing_queue_ids":[],"_links":{"self":[{"href":"https:\/\/agora.xtec.cat\/ceipsab\/wp-json\/wp\/v2\/posts\/8561","targetHints":{"allow":["GET"]}}],"collection":[{"href":"https:\/\/agora.xtec.cat\/ceipsab\/wp-json\/wp\/v2\/posts"}],"about":[{"href":"https:\/\/agora.xtec.cat\/ceipsab\/wp-json\/wp\/v2\/types\/post"}],"author":[{"embeddable":true,"href":"https:\/\/agora.xtec.cat\/ceipsab\/wp-json\/wp\/v2\/users\/48"}],"replies":[{"embeddable":true,"href":"https:\/\/agora.xtec.cat\/ceipsab\/wp-json\/wp\/v2\/comments?post=8561"}],"version-history":[{"count":2,"href":"https:\/\/agora.xtec.cat\/ceipsab\/wp-json\/wp\/v2\/posts\/8561\/revisions"}],"predecessor-version":[{"id":8564,"href":"https:\/\/agora.xtec.cat\/ceipsab\/wp-json\/wp\/v2\/posts\/8561\/revisions\/8564"}],"wp:featuredmedia":[{"embeddable":true,"href":"https:\/\/agora.xtec.cat\/ceipsab\/wp-json\/wp\/v2\/media\/8562"}],"wp:attachment":[{"href":"https:\/\/agora.xtec.cat\/ceipsab\/wp-json\/wp\/v2\/media?parent=8561"}],"wp:term":[{"taxonomy":"category","embeddable":true,"href":"https:\/\/agora.xtec.cat\/ceipsab\/wp-json\/wp\/v2\/categories?post=8561"},{"taxonomy":"post_tag","embeddable":true,"href":"https:\/\/agora.xtec.cat\/ceipsab\/wp-json\/wp\/v2\/tags?post=8561"}],"curies":[{"name":"wp","href":"https:\/\/api.w.org\/{rel}","templated":true}]}}