{"id":8538,"date":"2021-12-10T16:07:24","date_gmt":"2021-12-10T15:07:24","guid":{"rendered":"https:\/\/agora.xtec.cat\/ceipsab\/?p=8538"},"modified":"2021-12-10T16:10:12","modified_gmt":"2021-12-10T15:10:12","slug":"la-magia-del-nadal","status":"publish","type":"post","link":"https:\/\/agora.xtec.cat\/ceipsab\/educacio-infantil\/p5\/general\/la-magia-del-nadal\/","title":{"rendered":"LA M\u00c0GIA DEL NADAL"},"content":{"rendered":"<p>El passat 2 de desembre, els nens i nenes de primer vam anar a La Conreria, Tiana, a fer l&#8217;activitat &#8220;La m\u00e0gia del Nadal&#8221;.<\/p>\n<p>All\u00e0 vam sortir al bosc a buscar el ti\u00f3 i&#8230; EL VAM TROBAR! \ud83d\ude4c No nom\u00e9s hi havia un, tamb\u00e9 hi havia tions molt petits per nosaltres. Els vam haver de posar els ulls, la boca i la boina, i els vam poder portar a casa per poder cuidar-los.<\/p>\n<p>Tamb\u00e9 vam fer un &#8220;Pasaparaula&#8221; nadalenc i altres jocs molt divertits.<\/p>\n<p>Per acabar, vam fer cagar el ti\u00f3 que haviem trobat al bosc i ens va cagar molts i molts carmels i piruletes!<\/p>\n<p>Aqu\u00ed teniu algunes fotos i v\u00eddeos d&#8217;aquest dia tant m\u00e0gic per nosaltres!<a href=\"https:\/\/agora.xtec.cat\/ceipsab\/wp-content\/uploads\/usu1011\/2021\/12\/IMG_4340-1.heic\"><br \/>\n<\/a><a href=\"https:\/\/photos.app.goo.gl\/xF1gYRLnZEiSXmsH6\"><img loading=\"lazy\" decoding=\"async\" class=\"wp-image-8541 aligncenter\" src=\"https:\/\/agora.xtec.cat\/ceipsab\/wp-content\/uploads\/usu1011\/2021\/12\/IMG_4340-1-1024x768.jpg\" alt=\"\" width=\"252\" height=\"189\" srcset=\"https:\/\/agora.xtec.cat\/ceipsab\/wp-content\/uploads\/usu1011\/2021\/12\/IMG_4340-1-1024x768.jpg 1024w, https:\/\/agora.xtec.cat\/ceipsab\/wp-content\/uploads\/usu1011\/2021\/12\/IMG_4340-1-300x225.jpg 300w, https:\/\/agora.xtec.cat\/ceipsab\/wp-content\/uploads\/usu1011\/2021\/12\/IMG_4340-1-768x576.jpg 768w, https:\/\/agora.xtec.cat\/ceipsab\/wp-content\/uploads\/usu1011\/2021\/12\/IMG_4340-1-1536x1152.jpg 1536w, https:\/\/agora.xtec.cat\/ceipsab\/wp-content\/uploads\/usu1011\/2021\/12\/IMG_4340-1-2048x1536.jpg 2048w, https:\/\/agora.xtec.cat\/ceipsab\/wp-content\/uploads\/usu1011\/2021\/12\/IMG_4340-1-200x150.jpg 200w\" sizes=\"auto, (max-width: 252px) 100vw, 252px\" \/><\/a><\/p>\n<p>&nbsp;<\/p>\n<p>&nbsp;<\/p>\n","protected":false},"excerpt":{"rendered":"<p>El passat 2 de desembre, els nens i nenes de primer vam anar a La Conreria, Tiana, a fer l&#8217;activitat &#8220;La m\u00e0gia del Nadal&#8221;.<br \/>\nAll\u00e0 vam sortir al bosc a buscar el ti\u00f3 i&#8230; EL VAM TROBAR! \ud83d\ude4c No nom\u00e9s hi havia un, tamb\u00e9 hi havia&hellip;  <a href=\"https:\/\/agora.xtec.cat\/ceipsab\/educacio-infantil\/p5\/general\/la-magia-del-nadal\/\" title=\"Read LA M\u00c0GIA DEL NADAL\">Llegeix m\u00e9s\u00bb<\/a><\/p>\n","protected":false},"author":1,"featured_media":0,"comment_status":"open","ping_status":"closed","sticky":false,"template":"","format":"standard","meta":{"_bbp_topic_count":0,"_bbp_reply_count":0,"_bbp_total_topic_count":0,"_bbp_total_reply_count":0,"_bbp_voice_count":0,"_bbp_anonymous_reply_count":0,"_bbp_topic_count_hidden":0,"_bbp_reply_count_hidden":0,"_bbp_forum_subforum_count":0,"footnotes":""},"categories":[10,63,5,1],"tags":[],"class_list":["post-8538","post","type-post","status-publish","format-standard","hentry","category-1r","category-cicle-inicial","category-primaria","category-general"],"post_mailing_queue_ids":[],"_links":{"self":[{"href":"https:\/\/agora.xtec.cat\/ceipsab\/wp-json\/wp\/v2\/posts\/8538","targetHints":{"allow":["GET"]}}],"collection":[{"href":"https:\/\/agora.xtec.cat\/ceipsab\/wp-json\/wp\/v2\/posts"}],"about":[{"href":"https:\/\/agora.xtec.cat\/ceipsab\/wp-json\/wp\/v2\/types\/post"}],"author":[{"embeddable":true,"href":"https:\/\/agora.xtec.cat\/ceipsab\/wp-json\/wp\/v2\/users\/1"}],"replies":[{"embeddable":true,"href":"https:\/\/agora.xtec.cat\/ceipsab\/wp-json\/wp\/v2\/comments?post=8538"}],"version-history":[{"count":3,"href":"https:\/\/agora.xtec.cat\/ceipsab\/wp-json\/wp\/v2\/posts\/8538\/revisions"}],"predecessor-version":[{"id":8544,"href":"https:\/\/agora.xtec.cat\/ceipsab\/wp-json\/wp\/v2\/posts\/8538\/revisions\/8544"}],"wp:attachment":[{"href":"https:\/\/agora.xtec.cat\/ceipsab\/wp-json\/wp\/v2\/media?parent=8538"}],"wp:term":[{"taxonomy":"category","embeddable":true,"href":"https:\/\/agora.xtec.cat\/ceipsab\/wp-json\/wp\/v2\/categories?post=8538"},{"taxonomy":"post_tag","embeddable":true,"href":"https:\/\/agora.xtec.cat\/ceipsab\/wp-json\/wp\/v2\/tags?post=8538"}],"curies":[{"name":"wp","href":"https:\/\/api.w.org\/{rel}","templated":true}]}}