{"id":8533,"date":"2021-12-10T13:53:45","date_gmt":"2021-12-10T12:53:45","guid":{"rendered":"https:\/\/agora.xtec.cat\/ceipsab\/?p=8533"},"modified":"2021-12-10T13:53:45","modified_gmt":"2021-12-10T12:53:45","slug":"p3-anem-a-buscar-el-tio","status":"publish","type":"post","link":"https:\/\/agora.xtec.cat\/ceipsab\/educacio-infantil\/p3\/p3-anem-a-buscar-el-tio\/","title":{"rendered":"P3 ANEM A BUSCAR EL TI\u00d3"},"content":{"rendered":"<p><span style=\"font-weight: 400\">Hola fam\u00edlies!<\/span><\/p>\n<p><span style=\"font-weight: 400\">Fa uns dies va arribar una carta del Ti\u00f3 a l\u2019escola on ens explicava que com ha comen\u00e7at a fer fred estava baixant de la muntanya. Per aix\u00f2, els nens i les nenes de P3 vam anar al bosc a veure si el trob\u00e0vem i, tot i que ens va costar una miqueta, al final el vam trobar i ens vam fer unes fotos amb ell i tot.<\/span><\/p>\n<p><span style=\"font-weight: 400\">Ens podeu veure a continuaci\u00f3<\/span><i><span style=\"font-weight: 400\"> (clicant a sobre de la fotografia).<\/span><\/i><\/p>\n<p><a href=\"https:\/\/photos.app.goo.gl\/ELWRoKhWb7b1acKC7\"><img loading=\"lazy\" decoding=\"async\" class=\"alignnone  wp-image-8535\" src=\"https:\/\/agora.xtec.cat\/ceipsab\/wp-content\/uploads\/usu1011\/2021\/12\/AC-0801.jpg\" alt=\"\" width=\"291\" height=\"219\" srcset=\"https:\/\/agora.xtec.cat\/ceipsab\/wp-content\/uploads\/usu1011\/2021\/12\/AC-0801.jpg 620w, https:\/\/agora.xtec.cat\/ceipsab\/wp-content\/uploads\/usu1011\/2021\/12\/AC-0801-300x225.jpg 300w, https:\/\/agora.xtec.cat\/ceipsab\/wp-content\/uploads\/usu1011\/2021\/12\/AC-0801-200x150.jpg 200w\" sizes=\"auto, (max-width: 291px) 100vw, 291px\" \/><\/a><\/p>\n","protected":false},"excerpt":{"rendered":"<p>Hola fam\u00edlies!<br \/>\nFa uns dies va arribar una carta del Ti\u00f3 a l\u2019escola on ens explicava que com ha comen\u00e7at a fer fred estava baixant de la muntanya. Per aix\u00f2, els nens i les nenes de P3 vam anar al bosc a veure si el trob\u00e0vem&hellip;  <a href=\"https:\/\/agora.xtec.cat\/ceipsab\/educacio-infantil\/p3\/p3-anem-a-buscar-el-tio\/\" title=\"Read P3 ANEM A BUSCAR EL TI\u00d3\">Llegeix m\u00e9s\u00bb<\/a><\/p>\n","protected":false},"author":1,"featured_media":8535,"comment_status":"open","ping_status":"closed","sticky":false,"template":"","format":"standard","meta":{"_bbp_topic_count":0,"_bbp_reply_count":0,"_bbp_total_topic_count":0,"_bbp_total_reply_count":0,"_bbp_voice_count":0,"_bbp_anonymous_reply_count":0,"_bbp_topic_count_hidden":0,"_bbp_reply_count_hidden":0,"_bbp_forum_subforum_count":0,"footnotes":""},"categories":[62,3],"tags":[],"class_list":["post-8533","post","type-post","status-publish","format-standard","has-post-thumbnail","hentry","category-educacio-infantil","category-p3"],"post_mailing_queue_ids":[],"_links":{"self":[{"href":"https:\/\/agora.xtec.cat\/ceipsab\/wp-json\/wp\/v2\/posts\/8533","targetHints":{"allow":["GET"]}}],"collection":[{"href":"https:\/\/agora.xtec.cat\/ceipsab\/wp-json\/wp\/v2\/posts"}],"about":[{"href":"https:\/\/agora.xtec.cat\/ceipsab\/wp-json\/wp\/v2\/types\/post"}],"author":[{"embeddable":true,"href":"https:\/\/agora.xtec.cat\/ceipsab\/wp-json\/wp\/v2\/users\/1"}],"replies":[{"embeddable":true,"href":"https:\/\/agora.xtec.cat\/ceipsab\/wp-json\/wp\/v2\/comments?post=8533"}],"version-history":[{"count":1,"href":"https:\/\/agora.xtec.cat\/ceipsab\/wp-json\/wp\/v2\/posts\/8533\/revisions"}],"predecessor-version":[{"id":8536,"href":"https:\/\/agora.xtec.cat\/ceipsab\/wp-json\/wp\/v2\/posts\/8533\/revisions\/8536"}],"wp:featuredmedia":[{"embeddable":true,"href":"https:\/\/agora.xtec.cat\/ceipsab\/wp-json\/wp\/v2\/media\/8535"}],"wp:attachment":[{"href":"https:\/\/agora.xtec.cat\/ceipsab\/wp-json\/wp\/v2\/media?parent=8533"}],"wp:term":[{"taxonomy":"category","embeddable":true,"href":"https:\/\/agora.xtec.cat\/ceipsab\/wp-json\/wp\/v2\/categories?post=8533"},{"taxonomy":"post_tag","embeddable":true,"href":"https:\/\/agora.xtec.cat\/ceipsab\/wp-json\/wp\/v2\/tags?post=8533"}],"curies":[{"name":"wp","href":"https:\/\/api.w.org\/{rel}","templated":true}]}}