{"id":8528,"date":"2021-12-10T13:57:20","date_gmt":"2021-12-10T12:57:20","guid":{"rendered":"https:\/\/agora.xtec.cat\/ceipsab\/?p=8528"},"modified":"2021-12-10T13:57:20","modified_gmt":"2021-12-10T12:57:20","slug":"p5-anem-a-bucar-el-tio","status":"publish","type":"post","link":"https:\/\/agora.xtec.cat\/ceipsab\/educacio-infantil\/p5\/p5-anem-a-bucar-el-tio\/","title":{"rendered":"P5 ANEM A BUCAR EL TI\u00d3"},"content":{"rendered":"<p>Hola fam\u00edlies:<\/p>\n<p>Ahir va ser un mat\u00ed molt emocionant, vam sortir a buscar el Ti\u00f3 !!!. Despr\u00e9s de buscar i buscar el vam veure amagat dalt d&#8217;un arbre.<\/p>\n<p>El vam portar a l&#8217;escola on el deixarem perqu\u00e8 aquests dies mengi molt i ens cagui moltes coses !!!<\/p>\n<p>Aqu\u00ed us deixem algunes fotografies.<\/p>\n<p>!<a href=\"https:\/\/photos.app.goo.gl\/xuB4sQjk3HYhV1ME8\"><img loading=\"lazy\" decoding=\"async\" class=\"alignnone  wp-image-8534\" src=\"https:\/\/agora.xtec.cat\/ceipsab\/wp-content\/uploads\/usu1011\/2021\/12\/TIO-OK-1024x781.jpg\" alt=\"\" width=\"327\" height=\"250\" srcset=\"https:\/\/agora.xtec.cat\/ceipsab\/wp-content\/uploads\/usu1011\/2021\/12\/TIO-OK-1024x781.jpg 1024w, https:\/\/agora.xtec.cat\/ceipsab\/wp-content\/uploads\/usu1011\/2021\/12\/TIO-OK-300x229.jpg 300w, https:\/\/agora.xtec.cat\/ceipsab\/wp-content\/uploads\/usu1011\/2021\/12\/TIO-OK-768x586.jpg 768w, https:\/\/agora.xtec.cat\/ceipsab\/wp-content\/uploads\/usu1011\/2021\/12\/TIO-OK-1536x1172.jpg 1536w, https:\/\/agora.xtec.cat\/ceipsab\/wp-content\/uploads\/usu1011\/2021\/12\/TIO-OK-2048x1562.jpg 2048w\" sizes=\"auto, (max-width: 327px) 100vw, 327px\" \/><\/a><\/p>\n","protected":false},"excerpt":{"rendered":"<p>Hola fam\u00edlies:<br \/>\nAhir va ser un mat\u00ed molt emocionant, vam sortir a buscar el Ti\u00f3 !!!. Despr\u00e9s de buscar i buscar el vam veure amagat dalt d&#8217;un arbre.<br \/>\nEl vam portar a l&#8217;escola on el deixarem perqu\u00e8 aquests dies mengi molt i ens cagui moltes coses !!!<br \/>\nAqu\u00ed&hellip;  <a href=\"https:\/\/agora.xtec.cat\/ceipsab\/educacio-infantil\/p5\/p5-anem-a-bucar-el-tio\/\" title=\"Read P5 ANEM A BUCAR EL TI\u00d3\">Llegeix m\u00e9s\u00bb<\/a><\/p>\n","protected":false},"author":48,"featured_media":8534,"comment_status":"open","ping_status":"closed","sticky":false,"template":"","format":"standard","meta":{"_bbp_topic_count":0,"_bbp_reply_count":0,"_bbp_total_topic_count":0,"_bbp_total_reply_count":0,"_bbp_voice_count":0,"_bbp_anonymous_reply_count":0,"_bbp_topic_count_hidden":0,"_bbp_reply_count_hidden":0,"_bbp_forum_subforum_count":0,"footnotes":""},"categories":[62,9],"tags":[],"class_list":["post-8528","post","type-post","status-publish","format-standard","has-post-thumbnail","hentry","category-educacio-infantil","category-p5"],"post_mailing_queue_ids":[],"_links":{"self":[{"href":"https:\/\/agora.xtec.cat\/ceipsab\/wp-json\/wp\/v2\/posts\/8528","targetHints":{"allow":["GET"]}}],"collection":[{"href":"https:\/\/agora.xtec.cat\/ceipsab\/wp-json\/wp\/v2\/posts"}],"about":[{"href":"https:\/\/agora.xtec.cat\/ceipsab\/wp-json\/wp\/v2\/types\/post"}],"author":[{"embeddable":true,"href":"https:\/\/agora.xtec.cat\/ceipsab\/wp-json\/wp\/v2\/users\/48"}],"replies":[{"embeddable":true,"href":"https:\/\/agora.xtec.cat\/ceipsab\/wp-json\/wp\/v2\/comments?post=8528"}],"version-history":[{"count":1,"href":"https:\/\/agora.xtec.cat\/ceipsab\/wp-json\/wp\/v2\/posts\/8528\/revisions"}],"predecessor-version":[{"id":8537,"href":"https:\/\/agora.xtec.cat\/ceipsab\/wp-json\/wp\/v2\/posts\/8528\/revisions\/8537"}],"wp:featuredmedia":[{"embeddable":true,"href":"https:\/\/agora.xtec.cat\/ceipsab\/wp-json\/wp\/v2\/media\/8534"}],"wp:attachment":[{"href":"https:\/\/agora.xtec.cat\/ceipsab\/wp-json\/wp\/v2\/media?parent=8528"}],"wp:term":[{"taxonomy":"category","embeddable":true,"href":"https:\/\/agora.xtec.cat\/ceipsab\/wp-json\/wp\/v2\/categories?post=8528"},{"taxonomy":"post_tag","embeddable":true,"href":"https:\/\/agora.xtec.cat\/ceipsab\/wp-json\/wp\/v2\/tags?post=8528"}],"curies":[{"name":"wp","href":"https:\/\/api.w.org\/{rel}","templated":true}]}}