{"id":8442,"date":"2021-11-23T13:16:23","date_gmt":"2021-11-23T12:16:23","guid":{"rendered":"https:\/\/agora.xtec.cat\/ceipsab\/?p=8442"},"modified":"2021-11-23T13:16:23","modified_gmt":"2021-11-23T12:16:23","slug":"p3-la-maleta-viatgera","status":"publish","type":"post","link":"https:\/\/agora.xtec.cat\/ceipsab\/educacio-infantil\/p3\/p3-la-maleta-viatgera\/","title":{"rendered":"P3 LA MALETA VIATGERA"},"content":{"rendered":"<p><span style=\"font-weight: 400\">Hola fam\u00edlies!<\/span><\/p>\n<p><span style=\"font-weight: 400\">El Musbi \u00e9s un mussol que viu a la biblioteca i cada setmana anem a visitar-lo. Com li agraden molt les nostres visites ens ha portat la maleta viatgera amb molts tresors a dins. Aquesta maleta est\u00e0 pensada per portar-la uns dies a casa i compartir uns moments de lectura amb la fam\u00edlia, ja que porta diversos contes que ens agraden molts als infants de P3. A m\u00e9s, tamb\u00e9 porta una llibreta on podem apuntar i dibuixar quin conte ens ha agradat m\u00e9s i, fins i tot, hi podem posar algunes fotografies.<\/span><\/p>\n<p><a href=\"https:\/\/agora.xtec.cat\/ceipsab\/wp-content\/uploads\/usu1011\/2021\/11\/IMG_20211022_143503-scaled.jpg\"><img loading=\"lazy\" decoding=\"async\" class=\"alignnone  wp-image-8443\" src=\"https:\/\/agora.xtec.cat\/ceipsab\/wp-content\/uploads\/usu1011\/2021\/11\/IMG_20211022_143503-768x1024.jpg\" alt=\"\" width=\"220\" height=\"293\" srcset=\"https:\/\/agora.xtec.cat\/ceipsab\/wp-content\/uploads\/usu1011\/2021\/11\/IMG_20211022_143503-768x1024.jpg 768w, https:\/\/agora.xtec.cat\/ceipsab\/wp-content\/uploads\/usu1011\/2021\/11\/IMG_20211022_143503-225x300.jpg 225w, https:\/\/agora.xtec.cat\/ceipsab\/wp-content\/uploads\/usu1011\/2021\/11\/IMG_20211022_143503-1152x1536.jpg 1152w, https:\/\/agora.xtec.cat\/ceipsab\/wp-content\/uploads\/usu1011\/2021\/11\/IMG_20211022_143503-1536x2048.jpg 1536w, https:\/\/agora.xtec.cat\/ceipsab\/wp-content\/uploads\/usu1011\/2021\/11\/IMG_20211022_143503-scaled.jpg 1920w\" sizes=\"auto, (max-width: 220px) 100vw, 220px\" \/><\/a><\/p>\n","protected":false},"excerpt":{"rendered":"<p>Hola fam\u00edlies!<br \/>\nEl Musbi \u00e9s un mussol que viu a la biblioteca i cada setmana anem a visitar-lo. Com li agraden molt les nostres visites ens ha portat la maleta viatgera amb molts tresors a dins. Aquesta maleta est\u00e0 pensada per portar-la uns dies a casa&hellip;  <a href=\"https:\/\/agora.xtec.cat\/ceipsab\/educacio-infantil\/p3\/p3-la-maleta-viatgera\/\" title=\"Read P3 LA MALETA VIATGERA\">Llegeix m\u00e9s\u00bb<\/a><\/p>\n","protected":false},"author":1,"featured_media":8443,"comment_status":"open","ping_status":"closed","sticky":false,"template":"","format":"standard","meta":{"_bbp_topic_count":0,"_bbp_reply_count":0,"_bbp_total_topic_count":0,"_bbp_total_reply_count":0,"_bbp_voice_count":0,"_bbp_anonymous_reply_count":0,"_bbp_topic_count_hidden":0,"_bbp_reply_count_hidden":0,"_bbp_forum_subforum_count":0,"footnotes":""},"categories":[62,3],"tags":[],"class_list":["post-8442","post","type-post","status-publish","format-standard","has-post-thumbnail","hentry","category-educacio-infantil","category-p3"],"post_mailing_queue_ids":[],"_links":{"self":[{"href":"https:\/\/agora.xtec.cat\/ceipsab\/wp-json\/wp\/v2\/posts\/8442","targetHints":{"allow":["GET"]}}],"collection":[{"href":"https:\/\/agora.xtec.cat\/ceipsab\/wp-json\/wp\/v2\/posts"}],"about":[{"href":"https:\/\/agora.xtec.cat\/ceipsab\/wp-json\/wp\/v2\/types\/post"}],"author":[{"embeddable":true,"href":"https:\/\/agora.xtec.cat\/ceipsab\/wp-json\/wp\/v2\/users\/1"}],"replies":[{"embeddable":true,"href":"https:\/\/agora.xtec.cat\/ceipsab\/wp-json\/wp\/v2\/comments?post=8442"}],"version-history":[{"count":1,"href":"https:\/\/agora.xtec.cat\/ceipsab\/wp-json\/wp\/v2\/posts\/8442\/revisions"}],"predecessor-version":[{"id":8444,"href":"https:\/\/agora.xtec.cat\/ceipsab\/wp-json\/wp\/v2\/posts\/8442\/revisions\/8444"}],"wp:featuredmedia":[{"embeddable":true,"href":"https:\/\/agora.xtec.cat\/ceipsab\/wp-json\/wp\/v2\/media\/8443"}],"wp:attachment":[{"href":"https:\/\/agora.xtec.cat\/ceipsab\/wp-json\/wp\/v2\/media?parent=8442"}],"wp:term":[{"taxonomy":"category","embeddable":true,"href":"https:\/\/agora.xtec.cat\/ceipsab\/wp-json\/wp\/v2\/categories?post=8442"},{"taxonomy":"post_tag","embeddable":true,"href":"https:\/\/agora.xtec.cat\/ceipsab\/wp-json\/wp\/v2\/tags?post=8442"}],"curies":[{"name":"wp","href":"https:\/\/api.w.org\/{rel}","templated":true}]}}