{"id":8438,"date":"2021-11-23T13:12:57","date_gmt":"2021-11-23T12:12:57","guid":{"rendered":"https:\/\/agora.xtec.cat\/ceipsab\/?p=8438"},"modified":"2021-11-23T13:12:57","modified_gmt":"2021-11-23T12:12:57","slug":"p3-el-bosc-de-la-tardor","status":"publish","type":"post","link":"https:\/\/agora.xtec.cat\/ceipsab\/educacio-infantil\/p3\/p3-el-bosc-de-la-tardor\/","title":{"rendered":"P3 EL BOSC DE LA TARDOR"},"content":{"rendered":"<p><span style=\"font-weight: 400\">Hola fam\u00edlies!\u00a0<\/span><\/p>\n<p><span style=\"font-weight: 400\">Com ja sabeu, fa uns dies vam estar fent el nostre bosc de la tardor. Amb tot el material que vam portar a l\u2019escola hem creat el nostre bosc, li hem posat pinyes, pals, glans, pinassa, etc. Ens ho vam passar d\u2019all\u00f2 m\u00e9s b\u00e9!<\/span><\/p>\n<p><span style=\"font-weight: 400\">Ens podeu veure a continuaci\u00f3<\/span><i><span style=\"font-weight: 400\"> (clicant a sobre de la fotografia)<\/span><\/i><\/p>\n<p>P3A<\/p>\n<p><a href=\"https:\/\/photos.app.goo.gl\/QxFA7axpLQrnKciUA\"><img loading=\"lazy\" decoding=\"async\" class=\"alignnone  wp-image-8439\" src=\"https:\/\/agora.xtec.cat\/ceipsab\/wp-content\/uploads\/usu1011\/2021\/11\/TARDOR.jpg\" alt=\"\" width=\"228\" height=\"304\" srcset=\"https:\/\/agora.xtec.cat\/ceipsab\/wp-content\/uploads\/usu1011\/2021\/11\/TARDOR.jpg 493w, https:\/\/agora.xtec.cat\/ceipsab\/wp-content\/uploads\/usu1011\/2021\/11\/TARDOR-225x300.jpg 225w\" sizes=\"auto, (max-width: 228px) 100vw, 228px\" \/><\/a><\/p>\n<p>P3B<\/p>\n<p><a href=\"https:\/\/photos.app.goo.gl\/pBmHMSKsJmjdDyyV9\"><img loading=\"lazy\" decoding=\"async\" class=\"alignnone  wp-image-8440\" src=\"https:\/\/agora.xtec.cat\/ceipsab\/wp-content\/uploads\/usu1011\/2021\/11\/TARDOR-1.png\" alt=\"\" width=\"290\" height=\"205\" srcset=\"https:\/\/agora.xtec.cat\/ceipsab\/wp-content\/uploads\/usu1011\/2021\/11\/TARDOR-1.png 672w, https:\/\/agora.xtec.cat\/ceipsab\/wp-content\/uploads\/usu1011\/2021\/11\/TARDOR-1-300x213.png 300w\" sizes=\"auto, (max-width: 290px) 100vw, 290px\" \/><\/a><\/p>\n","protected":false},"excerpt":{"rendered":"<p>Hola fam\u00edlies!\u00a0<br \/>\nCom ja sabeu, fa uns dies vam estar fent el nostre bosc de la tardor. Amb tot el material que vam portar a l\u2019escola hem creat el nostre bosc, li hem posat pinyes, pals, glans, pinassa, etc. Ens ho vam passar d\u2019all\u00f2 m\u00e9s b\u00e9!<br \/>\nEns&hellip;  <a href=\"https:\/\/agora.xtec.cat\/ceipsab\/educacio-infantil\/p3\/p3-el-bosc-de-la-tardor\/\" title=\"Read P3 EL BOSC DE LA TARDOR\">Llegeix m\u00e9s\u00bb<\/a><\/p>\n","protected":false},"author":1,"featured_media":8440,"comment_status":"open","ping_status":"closed","sticky":false,"template":"","format":"standard","meta":{"_bbp_topic_count":0,"_bbp_reply_count":0,"_bbp_total_topic_count":0,"_bbp_total_reply_count":0,"_bbp_voice_count":0,"_bbp_anonymous_reply_count":0,"_bbp_topic_count_hidden":0,"_bbp_reply_count_hidden":0,"_bbp_forum_subforum_count":0,"footnotes":""},"categories":[62,3],"tags":[],"class_list":["post-8438","post","type-post","status-publish","format-standard","has-post-thumbnail","hentry","category-educacio-infantil","category-p3"],"post_mailing_queue_ids":[],"_links":{"self":[{"href":"https:\/\/agora.xtec.cat\/ceipsab\/wp-json\/wp\/v2\/posts\/8438","targetHints":{"allow":["GET"]}}],"collection":[{"href":"https:\/\/agora.xtec.cat\/ceipsab\/wp-json\/wp\/v2\/posts"}],"about":[{"href":"https:\/\/agora.xtec.cat\/ceipsab\/wp-json\/wp\/v2\/types\/post"}],"author":[{"embeddable":true,"href":"https:\/\/agora.xtec.cat\/ceipsab\/wp-json\/wp\/v2\/users\/1"}],"replies":[{"embeddable":true,"href":"https:\/\/agora.xtec.cat\/ceipsab\/wp-json\/wp\/v2\/comments?post=8438"}],"version-history":[{"count":1,"href":"https:\/\/agora.xtec.cat\/ceipsab\/wp-json\/wp\/v2\/posts\/8438\/revisions"}],"predecessor-version":[{"id":8441,"href":"https:\/\/agora.xtec.cat\/ceipsab\/wp-json\/wp\/v2\/posts\/8438\/revisions\/8441"}],"wp:featuredmedia":[{"embeddable":true,"href":"https:\/\/agora.xtec.cat\/ceipsab\/wp-json\/wp\/v2\/media\/8440"}],"wp:attachment":[{"href":"https:\/\/agora.xtec.cat\/ceipsab\/wp-json\/wp\/v2\/media?parent=8438"}],"wp:term":[{"taxonomy":"category","embeddable":true,"href":"https:\/\/agora.xtec.cat\/ceipsab\/wp-json\/wp\/v2\/categories?post=8438"},{"taxonomy":"post_tag","embeddable":true,"href":"https:\/\/agora.xtec.cat\/ceipsab\/wp-json\/wp\/v2\/tags?post=8438"}],"curies":[{"name":"wp","href":"https:\/\/api.w.org\/{rel}","templated":true}]}}