{"id":8434,"date":"2021-11-23T12:57:58","date_gmt":"2021-11-23T11:57:58","guid":{"rendered":"https:\/\/agora.xtec.cat\/ceipsab\/?p=8434"},"modified":"2021-11-23T12:57:58","modified_gmt":"2021-11-23T11:57:58","slug":"p3-racons-de-treball-1a-volta","status":"publish","type":"post","link":"https:\/\/agora.xtec.cat\/ceipsab\/educacio-infantil\/p3\/p3-racons-de-treball-1a-volta\/","title":{"rendered":"P3 RACONS DE TREBALL 1a VOLTA"},"content":{"rendered":"<p><span style=\"font-weight: 400\">Hola fam\u00edlies!<\/span><\/p>\n<p><span style=\"font-weight: 400\">Els nens i nenes de P3 hem comen\u00e7at a fer racons de treball. Ens agraden molt\u00edssim i ens ho passem genial!<\/span><\/p>\n<p><span style=\"font-weight: 400\">Podem escollir entre 5 racons diferents: llengua, matem\u00e0tiques, experimentaci\u00f3, pl\u00e0stica i grafomotricitat.<\/span><\/p>\n<p><span style=\"font-weight: 400\">Ens podeu veure a continuaci\u00f3<\/span><i><span style=\"font-weight: 400\"> (clicant a sobre de la fotografia)<\/span><\/i><\/p>\n<p>P3A<\/p>\n<p><a href=\"https:\/\/photos.app.goo.gl\/paaKm29gjYwiaEfu9\"><img loading=\"lazy\" decoding=\"async\" class=\"alignnone  wp-image-8435\" src=\"https:\/\/agora.xtec.cat\/ceipsab\/wp-content\/uploads\/usu1011\/2021\/11\/RACONS-1A-P3A.png\" alt=\"\" width=\"333\" height=\"187\" srcset=\"https:\/\/agora.xtec.cat\/ceipsab\/wp-content\/uploads\/usu1011\/2021\/11\/RACONS-1A-P3A.png 834w, https:\/\/agora.xtec.cat\/ceipsab\/wp-content\/uploads\/usu1011\/2021\/11\/RACONS-1A-P3A-300x168.png 300w, https:\/\/agora.xtec.cat\/ceipsab\/wp-content\/uploads\/usu1011\/2021\/11\/RACONS-1A-P3A-768x431.png 768w\" sizes=\"auto, (max-width: 333px) 100vw, 333px\" \/><\/a><\/p>\n<p><a href=\"https:\/\/photos.app.goo.gl\/J3LGCFChcuJNd36K7\"><img loading=\"lazy\" decoding=\"async\" class=\"alignnone  wp-image-8436\" src=\"https:\/\/agora.xtec.cat\/ceipsab\/wp-content\/uploads\/usu1011\/2021\/11\/RACONS-1A-P3B.png\" alt=\"\" width=\"333\" height=\"187\" srcset=\"https:\/\/agora.xtec.cat\/ceipsab\/wp-content\/uploads\/usu1011\/2021\/11\/RACONS-1A-P3B.png 839w, https:\/\/agora.xtec.cat\/ceipsab\/wp-content\/uploads\/usu1011\/2021\/11\/RACONS-1A-P3B-300x169.png 300w, https:\/\/agora.xtec.cat\/ceipsab\/wp-content\/uploads\/usu1011\/2021\/11\/RACONS-1A-P3B-768x433.png 768w\" sizes=\"auto, (max-width: 333px) 100vw, 333px\" \/><\/a><\/p>\n","protected":false},"excerpt":{"rendered":"<p>Hola fam\u00edlies!<br \/>\nEls nens i nenes de P3 hem comen\u00e7at a fer racons de treball. Ens agraden molt\u00edssim i ens ho passem genial!<br \/>\nPodem escollir entre 5 racons diferents: llengua, matem\u00e0tiques, experimentaci\u00f3, pl\u00e0stica i grafomotricitat.<br \/>\nEns podeu veure a continuaci\u00f3 (clicant a sobre de la fotografia)<br \/>\nP3A<br \/>\n<a href=\"https:\/\/photos.app.goo.gl\/paaKm29gjYwiaEfu9\"><\/a><br \/>\n<a href=\"https:\/\/photos.app.goo.gl\/J3LGCFChcuJNd36K7\"><\/a><\/p>\n","protected":false},"author":1,"featured_media":8436,"comment_status":"open","ping_status":"closed","sticky":false,"template":"","format":"standard","meta":{"_bbp_topic_count":0,"_bbp_reply_count":0,"_bbp_total_topic_count":0,"_bbp_total_reply_count":0,"_bbp_voice_count":0,"_bbp_anonymous_reply_count":0,"_bbp_topic_count_hidden":0,"_bbp_reply_count_hidden":0,"_bbp_forum_subforum_count":0,"footnotes":""},"categories":[62,3],"tags":[],"class_list":["post-8434","post","type-post","status-publish","format-standard","has-post-thumbnail","hentry","category-educacio-infantil","category-p3"],"post_mailing_queue_ids":[],"_links":{"self":[{"href":"https:\/\/agora.xtec.cat\/ceipsab\/wp-json\/wp\/v2\/posts\/8434","targetHints":{"allow":["GET"]}}],"collection":[{"href":"https:\/\/agora.xtec.cat\/ceipsab\/wp-json\/wp\/v2\/posts"}],"about":[{"href":"https:\/\/agora.xtec.cat\/ceipsab\/wp-json\/wp\/v2\/types\/post"}],"author":[{"embeddable":true,"href":"https:\/\/agora.xtec.cat\/ceipsab\/wp-json\/wp\/v2\/users\/1"}],"replies":[{"embeddable":true,"href":"https:\/\/agora.xtec.cat\/ceipsab\/wp-json\/wp\/v2\/comments?post=8434"}],"version-history":[{"count":1,"href":"https:\/\/agora.xtec.cat\/ceipsab\/wp-json\/wp\/v2\/posts\/8434\/revisions"}],"predecessor-version":[{"id":8437,"href":"https:\/\/agora.xtec.cat\/ceipsab\/wp-json\/wp\/v2\/posts\/8434\/revisions\/8437"}],"wp:featuredmedia":[{"embeddable":true,"href":"https:\/\/agora.xtec.cat\/ceipsab\/wp-json\/wp\/v2\/media\/8436"}],"wp:attachment":[{"href":"https:\/\/agora.xtec.cat\/ceipsab\/wp-json\/wp\/v2\/media?parent=8434"}],"wp:term":[{"taxonomy":"category","embeddable":true,"href":"https:\/\/agora.xtec.cat\/ceipsab\/wp-json\/wp\/v2\/categories?post=8434"},{"taxonomy":"post_tag","embeddable":true,"href":"https:\/\/agora.xtec.cat\/ceipsab\/wp-json\/wp\/v2\/tags?post=8434"}],"curies":[{"name":"wp","href":"https:\/\/api.w.org\/{rel}","templated":true}]}}