{"id":8433,"date":"2021-12-01T19:55:14","date_gmt":"2021-12-01T18:55:14","guid":{"rendered":"https:\/\/agora.xtec.cat\/ceipsab\/?p=8433"},"modified":"2021-12-01T19:55:14","modified_gmt":"2021-12-01T18:55:14","slug":"el-mercat-solidari-a-4t","status":"publish","type":"post","link":"https:\/\/agora.xtec.cat\/ceipsab\/primaria\/cicle-mitja\/4t\/el-mercat-solidari-a-4t\/","title":{"rendered":"El mercat solidari a 4t"},"content":{"rendered":"<p>Els infants de 4t durant aquestes \u00faltimes setmanes hem estat organitzant el mercat solidari, una activitat relacionada amb el projecte &#8220;comprem i venem&#8221; que duem a terme en el primer trimestre. Han estat uns dies molt divertits i ens ha implicat molta feina, ja que els infants han hagut de valorar els productes, classificar-los, fer de depenent\/es, de supervisors\/es, etc. I durant les dues properes setmanes realitzarem uns gr\u00e0fics de barres, relacionant continguts i \u00e0rees. La veritat que ha sigut tot un \u00e8xit! Hem recollit uns 200kg d&#8217;aliments que aniran a la Creu Roja del Baix Llobregat Nord. Gr\u00e0cies a totes les fam\u00edlies, ja que sense la vostra col\u00b7laboraci\u00f3 i participaci\u00f3 aquesta iniciativa solidaria no hagues sigut el mateix.<\/p>\n<p>Si cliqueu la imatge podreu veure les fotos.<\/p>\n<p><a href=\"https:\/\/photos.app.goo.gl\/mjJe3khd9Eb5UdRM8\"><img loading=\"lazy\" decoding=\"async\" class=\"alignnone wp-image-8483\" src=\"https:\/\/agora.xtec.cat\/ceipsab\/wp-content\/uploads\/usu1011\/2021\/11\/mercat-solidari-1024x933.jpg\" alt=\"\" width=\"305\" height=\"277\" srcset=\"https:\/\/agora.xtec.cat\/ceipsab\/wp-content\/uploads\/usu1011\/2021\/11\/mercat-solidari-1024x933.jpg 1024w, https:\/\/agora.xtec.cat\/ceipsab\/wp-content\/uploads\/usu1011\/2021\/11\/mercat-solidari-300x273.jpg 300w, https:\/\/agora.xtec.cat\/ceipsab\/wp-content\/uploads\/usu1011\/2021\/11\/mercat-solidari-768x700.jpg 768w, https:\/\/agora.xtec.cat\/ceipsab\/wp-content\/uploads\/usu1011\/2021\/11\/mercat-solidari.jpg 1182w\" sizes=\"auto, (max-width: 305px) 100vw, 305px\" \/><\/a><\/p>\n<p>&nbsp;<\/p>\n","protected":false},"excerpt":{"rendered":"<p>Els infants de 4t durant aquestes \u00faltimes setmanes hem estat organitzant el mercat solidari, una activitat relacionada amb el projecte &#8220;comprem i venem&#8221; que duem a terme en el primer trimestre. Han estat uns dies molt divertits i ens ha implicat molta feina, ja que&hellip;  <a href=\"https:\/\/agora.xtec.cat\/ceipsab\/primaria\/cicle-mitja\/4t\/el-mercat-solidari-a-4t\/\" title=\"Read El mercat solidari a 4t\">Llegeix m\u00e9s\u00bb<\/a><\/p>\n","protected":false},"author":1,"featured_media":8483,"comment_status":"open","ping_status":"closed","sticky":false,"template":"","format":"standard","meta":{"_bbp_topic_count":0,"_bbp_reply_count":0,"_bbp_total_topic_count":0,"_bbp_total_reply_count":0,"_bbp_voice_count":0,"_bbp_anonymous_reply_count":0,"_bbp_topic_count_hidden":0,"_bbp_reply_count_hidden":0,"_bbp_forum_subforum_count":0,"footnotes":""},"categories":[13,64],"tags":[96,104],"class_list":["post-8433","post","type-post","status-publish","format-standard","has-post-thumbnail","hentry","category-4t","category-cicle-mitja","tag-4t","tag-ciclemitja"],"post_mailing_queue_ids":[],"_links":{"self":[{"href":"https:\/\/agora.xtec.cat\/ceipsab\/wp-json\/wp\/v2\/posts\/8433","targetHints":{"allow":["GET"]}}],"collection":[{"href":"https:\/\/agora.xtec.cat\/ceipsab\/wp-json\/wp\/v2\/posts"}],"about":[{"href":"https:\/\/agora.xtec.cat\/ceipsab\/wp-json\/wp\/v2\/types\/post"}],"author":[{"embeddable":true,"href":"https:\/\/agora.xtec.cat\/ceipsab\/wp-json\/wp\/v2\/users\/1"}],"replies":[{"embeddable":true,"href":"https:\/\/agora.xtec.cat\/ceipsab\/wp-json\/wp\/v2\/comments?post=8433"}],"version-history":[{"count":2,"href":"https:\/\/agora.xtec.cat\/ceipsab\/wp-json\/wp\/v2\/posts\/8433\/revisions"}],"predecessor-version":[{"id":8484,"href":"https:\/\/agora.xtec.cat\/ceipsab\/wp-json\/wp\/v2\/posts\/8433\/revisions\/8484"}],"wp:featuredmedia":[{"embeddable":true,"href":"https:\/\/agora.xtec.cat\/ceipsab\/wp-json\/wp\/v2\/media\/8483"}],"wp:attachment":[{"href":"https:\/\/agora.xtec.cat\/ceipsab\/wp-json\/wp\/v2\/media?parent=8433"}],"wp:term":[{"taxonomy":"category","embeddable":true,"href":"https:\/\/agora.xtec.cat\/ceipsab\/wp-json\/wp\/v2\/categories?post=8433"},{"taxonomy":"post_tag","embeddable":true,"href":"https:\/\/agora.xtec.cat\/ceipsab\/wp-json\/wp\/v2\/tags?post=8433"}],"curies":[{"name":"wp","href":"https:\/\/api.w.org\/{rel}","templated":true}]}}