{"id":8425,"date":"2021-10-29T22:33:14","date_gmt":"2021-10-29T20:33:14","guid":{"rendered":"https:\/\/agora.xtec.cat\/ceipsab\/?p=8425"},"modified":"2021-12-01T12:55:10","modified_gmt":"2021-12-01T11:55:10","slug":"sortida-a-la-mola-2","status":"publish","type":"post","link":"https:\/\/agora.xtec.cat\/ceipsab\/primaria\/cicle-mitja\/4t\/sortida-a-la-mola-2\/","title":{"rendered":"Sortida a la Mola"},"content":{"rendered":"<p>Els infants de 4t han sortit a fer una mica d&#8217;activitat f\u00edsica en l\u2019entorn m\u00e9s proper de l\u2019escola com \u00e9s la Mola. Han gaudit molt de la sessi\u00f3 d\u2019educaci\u00f3 f\u00edsica a la vora de la riera, fent una gran passejada i han aprofitat per observar tot all\u00f2 que ens envolta, i hem apr\u00e8s moltes coses!<br \/>\nHem gaudit molt!<\/p>\n<p><a href=\"https:\/\/photos.app.goo.gl\/zrqpqP2W2iwN6QpA9\"><img loading=\"lazy\" decoding=\"async\" class=\"alignnone wp-image-8426\" src=\"https:\/\/agora.xtec.cat\/ceipsab\/wp-content\/uploads\/usu1011\/2021\/11\/mola.jpg\" alt=\"\" width=\"570\" height=\"379\" srcset=\"https:\/\/agora.xtec.cat\/ceipsab\/wp-content\/uploads\/usu1011\/2021\/11\/mola.jpg 1024w, https:\/\/agora.xtec.cat\/ceipsab\/wp-content\/uploads\/usu1011\/2021\/11\/mola-300x200.jpg 300w, https:\/\/agora.xtec.cat\/ceipsab\/wp-content\/uploads\/usu1011\/2021\/11\/mola-768x511.jpg 768w\" sizes=\"auto, (max-width: 570px) 100vw, 570px\" \/><\/a><\/p>\n","protected":false},"excerpt":{"rendered":"<p>Els infants de 4t han sortit a fer una mica d&#8217;activitat f\u00edsica en l\u2019entorn m\u00e9s proper de l\u2019escola com \u00e9s la Mola. Han gaudit molt de la sessi\u00f3 d\u2019educaci\u00f3 f\u00edsica a la vora de la riera, fent una gran passejada i han aprofitat per observar&hellip;  <a href=\"https:\/\/agora.xtec.cat\/ceipsab\/primaria\/cicle-mitja\/4t\/sortida-a-la-mola-2\/\" title=\"Read Sortida a la Mola\">Llegeix m\u00e9s\u00bb<\/a><\/p>\n","protected":false},"author":1,"featured_media":8426,"comment_status":"open","ping_status":"closed","sticky":false,"template":"","format":"standard","meta":{"_bbp_topic_count":0,"_bbp_reply_count":0,"_bbp_total_topic_count":0,"_bbp_total_reply_count":0,"_bbp_voice_count":0,"_bbp_anonymous_reply_count":0,"_bbp_topic_count_hidden":0,"_bbp_reply_count_hidden":0,"_bbp_forum_subforum_count":0,"footnotes":""},"categories":[13,64,66],"tags":[96,104,205],"class_list":["post-8425","post","type-post","status-publish","format-standard","has-post-thumbnail","hentry","category-4t","category-cicle-mitja","category-educacio-fisica","tag-4t","tag-ciclemitja","tag-educacio-fisica"],"post_mailing_queue_ids":[],"_links":{"self":[{"href":"https:\/\/agora.xtec.cat\/ceipsab\/wp-json\/wp\/v2\/posts\/8425","targetHints":{"allow":["GET"]}}],"collection":[{"href":"https:\/\/agora.xtec.cat\/ceipsab\/wp-json\/wp\/v2\/posts"}],"about":[{"href":"https:\/\/agora.xtec.cat\/ceipsab\/wp-json\/wp\/v2\/types\/post"}],"author":[{"embeddable":true,"href":"https:\/\/agora.xtec.cat\/ceipsab\/wp-json\/wp\/v2\/users\/1"}],"replies":[{"embeddable":true,"href":"https:\/\/agora.xtec.cat\/ceipsab\/wp-json\/wp\/v2\/comments?post=8425"}],"version-history":[{"count":1,"href":"https:\/\/agora.xtec.cat\/ceipsab\/wp-json\/wp\/v2\/posts\/8425\/revisions"}],"predecessor-version":[{"id":8427,"href":"https:\/\/agora.xtec.cat\/ceipsab\/wp-json\/wp\/v2\/posts\/8425\/revisions\/8427"}],"wp:featuredmedia":[{"embeddable":true,"href":"https:\/\/agora.xtec.cat\/ceipsab\/wp-json\/wp\/v2\/media\/8426"}],"wp:attachment":[{"href":"https:\/\/agora.xtec.cat\/ceipsab\/wp-json\/wp\/v2\/media?parent=8425"}],"wp:term":[{"taxonomy":"category","embeddable":true,"href":"https:\/\/agora.xtec.cat\/ceipsab\/wp-json\/wp\/v2\/categories?post=8425"},{"taxonomy":"post_tag","embeddable":true,"href":"https:\/\/agora.xtec.cat\/ceipsab\/wp-json\/wp\/v2\/tags?post=8425"}],"curies":[{"name":"wp","href":"https:\/\/api.w.org\/{rel}","templated":true}]}}