{"id":8421,"date":"2021-11-22T09:26:10","date_gmt":"2021-11-22T08:26:10","guid":{"rendered":"https:\/\/agora.xtec.cat\/ceipsab\/?p=8421"},"modified":"2021-11-22T09:26:10","modified_gmt":"2021-11-22T08:26:10","slug":"celebrem-el-dia-universal-dels-drets-dels-infants","status":"publish","type":"post","link":"https:\/\/agora.xtec.cat\/ceipsab\/portada\/celebrem-el-dia-universal-dels-drets-dels-infants\/","title":{"rendered":"CELEBREM EL DIA UNIVERSAL DELS DRETS DELS INFANTS"},"content":{"rendered":"<p>Aquest divendres 19 de novembre vam celebrar el <strong>Dia Universal dels Drets dels Infants. <\/strong>Els nostres infants han penjat a la barana de l&#8217;escola els desitjos i reivindicacions \u00a0per a cridar l\u2019atenci\u00f3 sobre la situaci\u00f3 dels nens i nenes\u00a0 m\u00e9s desfavorits, donar a con\u00e8ixer els drets de la inf\u00e0ncia i conscienciar a les persones de la import\u00e0ncia de treballar dia a dia pel seu benestar i desenvolupament.<\/p>\n<p><a href=\"https:\/\/photos.app.goo.gl\/gHxFfNGd5qySRuEt8\" target=\"_blank\" rel=\"noopener\"><img loading=\"lazy\" decoding=\"async\" class=\"aligncenter wp-image-8422 size-medium\" src=\"https:\/\/agora.xtec.cat\/ceipsab\/wp-content\/uploads\/usu1011\/2021\/11\/WhatsApp-Image-2021-11-19-at-16.53.48-300x300.jpeg\" alt=\"\" width=\"300\" height=\"300\" srcset=\"https:\/\/agora.xtec.cat\/ceipsab\/wp-content\/uploads\/usu1011\/2021\/11\/WhatsApp-Image-2021-11-19-at-16.53.48-300x300.jpeg 300w, https:\/\/agora.xtec.cat\/ceipsab\/wp-content\/uploads\/usu1011\/2021\/11\/WhatsApp-Image-2021-11-19-at-16.53.48-1024x1024.jpeg 1024w, https:\/\/agora.xtec.cat\/ceipsab\/wp-content\/uploads\/usu1011\/2021\/11\/WhatsApp-Image-2021-11-19-at-16.53.48-150x150.jpeg 150w, https:\/\/agora.xtec.cat\/ceipsab\/wp-content\/uploads\/usu1011\/2021\/11\/WhatsApp-Image-2021-11-19-at-16.53.48-768x768.jpeg 768w, https:\/\/agora.xtec.cat\/ceipsab\/wp-content\/uploads\/usu1011\/2021\/11\/WhatsApp-Image-2021-11-19-at-16.53.48-1536x1536.jpeg 1536w, https:\/\/agora.xtec.cat\/ceipsab\/wp-content\/uploads\/usu1011\/2021\/11\/WhatsApp-Image-2021-11-19-at-16.53.48.jpeg 1600w\" sizes=\"auto, (max-width: 300px) 100vw, 300px\" \/><\/a><\/p>\n","protected":false},"excerpt":{"rendered":"<p>Aquest divendres 19 de novembre vam celebrar el Dia Universal dels Drets dels Infants. Els nostres infants han penjat a la barana de l&#8217;escola els desitjos i reivindicacions \u00a0per a cridar l\u2019atenci\u00f3 sobre la situaci\u00f3 dels nens i nenes\u00a0 m\u00e9s desfavorits, donar a con\u00e8ixer els&hellip;  <a href=\"https:\/\/agora.xtec.cat\/ceipsab\/portada\/celebrem-el-dia-universal-dels-drets-dels-infants\/\" title=\"Read CELEBREM EL DIA UNIVERSAL DELS DRETS DELS INFANTS\">Llegeix m\u00e9s\u00bb<\/a><\/p>\n","protected":false},"author":3,"featured_media":8422,"comment_status":"open","ping_status":"closed","sticky":false,"template":"","format":"standard","meta":{"_bbp_topic_count":0,"_bbp_reply_count":0,"_bbp_total_topic_count":0,"_bbp_total_reply_count":0,"_bbp_voice_count":0,"_bbp_anonymous_reply_count":0,"_bbp_topic_count_hidden":0,"_bbp_reply_count_hidden":0,"_bbp_forum_subforum_count":0,"footnotes":""},"categories":[4],"tags":[],"class_list":["post-8421","post","type-post","status-publish","format-standard","has-post-thumbnail","hentry","category-portada"],"post_mailing_queue_ids":[],"_links":{"self":[{"href":"https:\/\/agora.xtec.cat\/ceipsab\/wp-json\/wp\/v2\/posts\/8421","targetHints":{"allow":["GET"]}}],"collection":[{"href":"https:\/\/agora.xtec.cat\/ceipsab\/wp-json\/wp\/v2\/posts"}],"about":[{"href":"https:\/\/agora.xtec.cat\/ceipsab\/wp-json\/wp\/v2\/types\/post"}],"author":[{"embeddable":true,"href":"https:\/\/agora.xtec.cat\/ceipsab\/wp-json\/wp\/v2\/users\/3"}],"replies":[{"embeddable":true,"href":"https:\/\/agora.xtec.cat\/ceipsab\/wp-json\/wp\/v2\/comments?post=8421"}],"version-history":[{"count":2,"href":"https:\/\/agora.xtec.cat\/ceipsab\/wp-json\/wp\/v2\/posts\/8421\/revisions"}],"predecessor-version":[{"id":8424,"href":"https:\/\/agora.xtec.cat\/ceipsab\/wp-json\/wp\/v2\/posts\/8421\/revisions\/8424"}],"wp:featuredmedia":[{"embeddable":true,"href":"https:\/\/agora.xtec.cat\/ceipsab\/wp-json\/wp\/v2\/media\/8422"}],"wp:attachment":[{"href":"https:\/\/agora.xtec.cat\/ceipsab\/wp-json\/wp\/v2\/media?parent=8421"}],"wp:term":[{"taxonomy":"category","embeddable":true,"href":"https:\/\/agora.xtec.cat\/ceipsab\/wp-json\/wp\/v2\/categories?post=8421"},{"taxonomy":"post_tag","embeddable":true,"href":"https:\/\/agora.xtec.cat\/ceipsab\/wp-json\/wp\/v2\/tags?post=8421"}],"curies":[{"name":"wp","href":"https:\/\/api.w.org\/{rel}","templated":true}]}}