{"id":8376,"date":"2021-11-05T16:06:20","date_gmt":"2021-11-05T15:06:20","guid":{"rendered":"https:\/\/agora.xtec.cat\/ceipsab\/?p=8376"},"modified":"2021-11-05T16:07:22","modified_gmt":"2021-11-05T15:07:22","slug":"celebrem-la-castanyada-i-el-halloween","status":"publish","type":"post","link":"https:\/\/agora.xtec.cat\/ceipsab\/primaria\/cicle-inicial\/celebrem-la-castanyada-i-el-halloween\/","title":{"rendered":"CELEBREM LA CASTANYADA I EL HALLOWEEN"},"content":{"rendered":"<p>El passat divendres, els nens i nenes de primer i segon hem celebrat la Castanyada amb molta alegria. Vam cantar, vam ballar i ens ho vam passar genial. Ten\u00edem moltes ganes de tornar a retrobar-nos amb la castanyera. Ens va explicar moltes coses interessants i li vam cantar la seva can\u00e7\u00f3. A m\u00e9s ens va portar unes castanyes bon\u00edssimes que ens vam menjar tots plegats en el pati. Tamb\u00e9, com\u00a0 \u00e9s tradici\u00f3 a la festa del Halloween, ens vam\u00a0 disfressar de monstres i personatges que fan una mica de por.<\/p>\n<p>Mireu, mireu les fotos! Ja veureu quines imatges m\u00e9s terror\u00edfiques!!!<\/p>\n<p><strong>FOTOS DE PRIMER<\/strong><\/p>\n<p><a href=\"https:\/\/photos.app.goo.gl\/WaQubSGhNKQqJ8S17\"><img loading=\"lazy\" decoding=\"async\" class=\"wp-image-8383 alignleft\" src=\"https:\/\/agora.xtec.cat\/ceipsab\/wp-content\/uploads\/usu1011\/2021\/11\/big_fit_castanada-halloween-1-1024x551.jpg\" alt=\"\" width=\"225\" height=\"121\" srcset=\"https:\/\/agora.xtec.cat\/ceipsab\/wp-content\/uploads\/usu1011\/2021\/11\/big_fit_castanada-halloween-1-1024x551.jpg 1024w, https:\/\/agora.xtec.cat\/ceipsab\/wp-content\/uploads\/usu1011\/2021\/11\/big_fit_castanada-halloween-1-300x162.jpg 300w, https:\/\/agora.xtec.cat\/ceipsab\/wp-content\/uploads\/usu1011\/2021\/11\/big_fit_castanada-halloween-1-768x414.jpg 768w, https:\/\/agora.xtec.cat\/ceipsab\/wp-content\/uploads\/usu1011\/2021\/11\/big_fit_castanada-halloween-1.jpg 1300w\" sizes=\"auto, (max-width: 225px) 100vw, 225px\" \/><\/a><\/p>\n<p><strong>\u00a0 FOTOS DE SEGON<\/strong>\u00a0 \u00a0 \u00a0 \u00a0 \u00a0<a href=\"https:\/\/photos.app.goo.gl\/b5uDBkbSwzhRTFmS8\"><img loading=\"lazy\" decoding=\"async\" class=\"wp-image-8377 aligncenter\" src=\"https:\/\/agora.xtec.cat\/ceipsab\/wp-content\/uploads\/usu1011\/2021\/11\/unnamed-960x640-1.gif\" alt=\"\" width=\"208\" height=\"139\" \/><\/a><\/p>\n","protected":false},"excerpt":{"rendered":"<p>El passat divendres, els nens i nenes de primer i segon hem celebrat la Castanyada amb molta alegria. Vam cantar, vam ballar i ens ho vam passar genial. Ten\u00edem moltes ganes de tornar a retrobar-nos amb la castanyera. Ens va explicar moltes coses interessants i&hellip;  <a href=\"https:\/\/agora.xtec.cat\/ceipsab\/primaria\/cicle-inicial\/celebrem-la-castanyada-i-el-halloween\/\" title=\"Read CELEBREM LA CASTANYADA I EL HALLOWEEN\">Llegeix m\u00e9s\u00bb<\/a><\/p>\n","protected":false},"author":51,"featured_media":8377,"comment_status":"open","ping_status":"closed","sticky":false,"template":"","format":"standard","meta":{"_bbp_topic_count":0,"_bbp_reply_count":0,"_bbp_total_topic_count":0,"_bbp_total_reply_count":0,"_bbp_voice_count":0,"_bbp_anonymous_reply_count":0,"_bbp_topic_count_hidden":0,"_bbp_reply_count_hidden":0,"_bbp_forum_subforum_count":0,"footnotes":""},"categories":[63],"tags":[],"class_list":["post-8376","post","type-post","status-publish","format-standard","has-post-thumbnail","hentry","category-cicle-inicial"],"post_mailing_queue_ids":[],"_links":{"self":[{"href":"https:\/\/agora.xtec.cat\/ceipsab\/wp-json\/wp\/v2\/posts\/8376","targetHints":{"allow":["GET"]}}],"collection":[{"href":"https:\/\/agora.xtec.cat\/ceipsab\/wp-json\/wp\/v2\/posts"}],"about":[{"href":"https:\/\/agora.xtec.cat\/ceipsab\/wp-json\/wp\/v2\/types\/post"}],"author":[{"embeddable":true,"href":"https:\/\/agora.xtec.cat\/ceipsab\/wp-json\/wp\/v2\/users\/51"}],"replies":[{"embeddable":true,"href":"https:\/\/agora.xtec.cat\/ceipsab\/wp-json\/wp\/v2\/comments?post=8376"}],"version-history":[{"count":3,"href":"https:\/\/agora.xtec.cat\/ceipsab\/wp-json\/wp\/v2\/posts\/8376\/revisions"}],"predecessor-version":[{"id":8385,"href":"https:\/\/agora.xtec.cat\/ceipsab\/wp-json\/wp\/v2\/posts\/8376\/revisions\/8385"}],"wp:featuredmedia":[{"embeddable":true,"href":"https:\/\/agora.xtec.cat\/ceipsab\/wp-json\/wp\/v2\/media\/8377"}],"wp:attachment":[{"href":"https:\/\/agora.xtec.cat\/ceipsab\/wp-json\/wp\/v2\/media?parent=8376"}],"wp:term":[{"taxonomy":"category","embeddable":true,"href":"https:\/\/agora.xtec.cat\/ceipsab\/wp-json\/wp\/v2\/categories?post=8376"},{"taxonomy":"post_tag","embeddable":true,"href":"https:\/\/agora.xtec.cat\/ceipsab\/wp-json\/wp\/v2\/tags?post=8376"}],"curies":[{"name":"wp","href":"https:\/\/api.w.org\/{rel}","templated":true}]}}