{"id":8324,"date":"2021-10-28T19:12:34","date_gmt":"2021-10-28T17:12:34","guid":{"rendered":"https:\/\/agora.xtec.cat\/ceipsab\/?p=8324"},"modified":"2021-10-28T19:12:34","modified_gmt":"2021-10-28T17:12:34","slug":"p5-fem-arbres-de-tardor","status":"publish","type":"post","link":"https:\/\/agora.xtec.cat\/ceipsab\/educacio-infantil\/p5\/p5-fem-arbres-de-tardor\/","title":{"rendered":"P5 FEM ARBRES DE TARDOR"},"content":{"rendered":"<p>Hola fam\u00edlies!!<\/p>\n<p>Des de que va comen\u00e7ar la tardor que a l&#8217;escola estem treballant aquesta estaci\u00f3 i a pl\u00e0stica hem fet uns arbres ben originals. Ens ha agradat molt veure com el nostre bra\u00e7 i la nostra m\u00e0 es convertien en un arbre. Despr\u00e9s l&#8217;hem posat trocets de fulles que hav\u00edem portat a l&#8217;escola. Ens han quedat uns arbres de tardor fant\u00e0stics!!<\/p>\n<p>Voleu veure com els hem fet?<\/p>\n<p>P5-A<\/p>\n<p><a href=\"https:\/\/photos.app.goo.gl\/w2fXpZYJUz1vb69f9\"><img loading=\"lazy\" decoding=\"async\" class=\"alignnone  wp-image-8326\" src=\"https:\/\/agora.xtec.cat\/ceipsab\/wp-content\/uploads\/usu1011\/2021\/10\/IMG-9966-723x1024.jpg\" alt=\"\" width=\"163\" height=\"231\" srcset=\"https:\/\/agora.xtec.cat\/ceipsab\/wp-content\/uploads\/usu1011\/2021\/10\/IMG-9966-723x1024.jpg 723w, https:\/\/agora.xtec.cat\/ceipsab\/wp-content\/uploads\/usu1011\/2021\/10\/IMG-9966-212x300.jpg 212w, https:\/\/agora.xtec.cat\/ceipsab\/wp-content\/uploads\/usu1011\/2021\/10\/IMG-9966-768x1088.jpg 768w, https:\/\/agora.xtec.cat\/ceipsab\/wp-content\/uploads\/usu1011\/2021\/10\/IMG-9966-1085x1536.jpg 1085w, https:\/\/agora.xtec.cat\/ceipsab\/wp-content\/uploads\/usu1011\/2021\/10\/IMG-9966-1446x2048.jpg 1446w, https:\/\/agora.xtec.cat\/ceipsab\/wp-content\/uploads\/usu1011\/2021\/10\/IMG-9966-scaled.jpg 1808w\" sizes=\"auto, (max-width: 163px) 100vw, 163px\" \/><\/a><\/p>\n<p>P5-B<\/p>\n<p><a href=\"https:\/\/photos.app.goo.gl\/v8rpk32pyszt3pYD6\"><img loading=\"lazy\" decoding=\"async\" class=\" wp-image-8327\" src=\"https:\/\/agora.xtec.cat\/ceipsab\/wp-content\/uploads\/usu1011\/2021\/10\/IMG_20211013_154943-1024x844.jpg\" alt=\"\" width=\"211\" height=\"174\" srcset=\"https:\/\/agora.xtec.cat\/ceipsab\/wp-content\/uploads\/usu1011\/2021\/10\/IMG_20211013_154943-1024x844.jpg 1024w, https:\/\/agora.xtec.cat\/ceipsab\/wp-content\/uploads\/usu1011\/2021\/10\/IMG_20211013_154943-300x247.jpg 300w, https:\/\/agora.xtec.cat\/ceipsab\/wp-content\/uploads\/usu1011\/2021\/10\/IMG_20211013_154943-768x633.jpg 768w, https:\/\/agora.xtec.cat\/ceipsab\/wp-content\/uploads\/usu1011\/2021\/10\/IMG_20211013_154943-1536x1266.jpg 1536w, https:\/\/agora.xtec.cat\/ceipsab\/wp-content\/uploads\/usu1011\/2021\/10\/IMG_20211013_154943-2048x1688.jpg 2048w\" sizes=\"auto, (max-width: 211px) 100vw, 211px\" \/><\/a><\/p>\n","protected":false},"excerpt":{"rendered":"<p>Hola fam\u00edlies!!<br \/>\nDes de que va comen\u00e7ar la tardor que a l&#8217;escola estem treballant aquesta estaci\u00f3 i a pl\u00e0stica hem fet uns arbres ben originals. Ens ha agradat molt veure com el nostre bra\u00e7 i la nostra m\u00e0 es convertien en un arbre. Despr\u00e9s l&#8217;hem posat&hellip;  <a href=\"https:\/\/agora.xtec.cat\/ceipsab\/educacio-infantil\/p5\/p5-fem-arbres-de-tardor\/\" title=\"Read P5 FEM ARBRES DE TARDOR\">Llegeix m\u00e9s\u00bb<\/a><\/p>\n","protected":false},"author":1,"featured_media":8325,"comment_status":"open","ping_status":"closed","sticky":false,"template":"","format":"standard","meta":{"_bbp_topic_count":0,"_bbp_reply_count":0,"_bbp_total_topic_count":0,"_bbp_total_reply_count":0,"_bbp_voice_count":0,"_bbp_anonymous_reply_count":0,"_bbp_topic_count_hidden":0,"_bbp_reply_count_hidden":0,"_bbp_forum_subforum_count":0,"footnotes":""},"categories":[62,9],"tags":[],"class_list":["post-8324","post","type-post","status-publish","format-standard","has-post-thumbnail","hentry","category-educacio-infantil","category-p5"],"post_mailing_queue_ids":[],"_links":{"self":[{"href":"https:\/\/agora.xtec.cat\/ceipsab\/wp-json\/wp\/v2\/posts\/8324","targetHints":{"allow":["GET"]}}],"collection":[{"href":"https:\/\/agora.xtec.cat\/ceipsab\/wp-json\/wp\/v2\/posts"}],"about":[{"href":"https:\/\/agora.xtec.cat\/ceipsab\/wp-json\/wp\/v2\/types\/post"}],"author":[{"embeddable":true,"href":"https:\/\/agora.xtec.cat\/ceipsab\/wp-json\/wp\/v2\/users\/1"}],"replies":[{"embeddable":true,"href":"https:\/\/agora.xtec.cat\/ceipsab\/wp-json\/wp\/v2\/comments?post=8324"}],"version-history":[{"count":1,"href":"https:\/\/agora.xtec.cat\/ceipsab\/wp-json\/wp\/v2\/posts\/8324\/revisions"}],"predecessor-version":[{"id":8328,"href":"https:\/\/agora.xtec.cat\/ceipsab\/wp-json\/wp\/v2\/posts\/8324\/revisions\/8328"}],"wp:featuredmedia":[{"embeddable":true,"href":"https:\/\/agora.xtec.cat\/ceipsab\/wp-json\/wp\/v2\/media\/8325"}],"wp:attachment":[{"href":"https:\/\/agora.xtec.cat\/ceipsab\/wp-json\/wp\/v2\/media?parent=8324"}],"wp:term":[{"taxonomy":"category","embeddable":true,"href":"https:\/\/agora.xtec.cat\/ceipsab\/wp-json\/wp\/v2\/categories?post=8324"},{"taxonomy":"post_tag","embeddable":true,"href":"https:\/\/agora.xtec.cat\/ceipsab\/wp-json\/wp\/v2\/tags?post=8324"}],"curies":[{"name":"wp","href":"https:\/\/api.w.org\/{rel}","templated":true}]}}