{"id":8313,"date":"2021-10-28T16:02:13","date_gmt":"2021-10-28T14:02:13","guid":{"rendered":"https:\/\/agora.xtec.cat\/ceipsab\/?p=8313"},"modified":"2021-10-28T16:02:13","modified_gmt":"2021-10-28T14:02:13","slug":"p5-primeres-activitats","status":"publish","type":"post","link":"https:\/\/agora.xtec.cat\/ceipsab\/educacio-infantil\/p5\/p5-primeres-activitats\/","title":{"rendered":"P5 PRIMERES ACTIVITATS"},"content":{"rendered":"<p>Hola fam\u00edlies!<\/p>\n<p>A P5 hem comen\u00e7at a treballar de valent. Practiquem per aprendre a fer b\u00e9 les lletres fent grafisme creatiu. Tamb\u00e9 ens endinsem en el m\u00f3n de la lectoescriptura\u00a0 amb els jocs de llengua on hem de confegir paraules, picar s\u00edl\u00b7labes, relacionar la imatge amb la paraula corresponent, &#8230;<\/p>\n<p>Ens voleu veure treballar?<\/p>\n<p>Cliqueu en les seg\u00fcents imatges !!<\/p>\n<p>GRAFISME CREATIU<\/p>\n<p><a href=\"https:\/\/photos.app.goo.gl\/CN21XAjZzy88EHe37\"><img loading=\"lazy\" decoding=\"async\" class=\"alignnone  wp-image-8317\" src=\"https:\/\/agora.xtec.cat\/ceipsab\/wp-content\/uploads\/usu1011\/2021\/10\/IMG-0234-1024x749.jpg\" alt=\"\" width=\"244\" height=\"179\" srcset=\"https:\/\/agora.xtec.cat\/ceipsab\/wp-content\/uploads\/usu1011\/2021\/10\/IMG-0234-1024x749.jpg 1024w, https:\/\/agora.xtec.cat\/ceipsab\/wp-content\/uploads\/usu1011\/2021\/10\/IMG-0234-300x219.jpg 300w, https:\/\/agora.xtec.cat\/ceipsab\/wp-content\/uploads\/usu1011\/2021\/10\/IMG-0234-768x562.jpg 768w, https:\/\/agora.xtec.cat\/ceipsab\/wp-content\/uploads\/usu1011\/2021\/10\/IMG-0234-1536x1123.jpg 1536w, https:\/\/agora.xtec.cat\/ceipsab\/wp-content\/uploads\/usu1011\/2021\/10\/IMG-0234-2048x1497.jpg 2048w\" sizes=\"auto, (max-width: 244px) 100vw, 244px\" \/><\/a><\/p>\n<p>JOCS DE LLENGUA<\/p>\n<p><a href=\"https:\/\/photos.app.goo.gl\/2CE2GELPYZx9Edfb7\"><img loading=\"lazy\" decoding=\"async\" class=\" wp-image-8319\" src=\"https:\/\/agora.xtec.cat\/ceipsab\/wp-content\/uploads\/usu1011\/2021\/10\/IMG_20210928_160211-1024x887.jpg\" alt=\"\" width=\"244\" height=\"212\" srcset=\"https:\/\/agora.xtec.cat\/ceipsab\/wp-content\/uploads\/usu1011\/2021\/10\/IMG_20210928_160211-1024x887.jpg 1024w, https:\/\/agora.xtec.cat\/ceipsab\/wp-content\/uploads\/usu1011\/2021\/10\/IMG_20210928_160211-300x260.jpg 300w, https:\/\/agora.xtec.cat\/ceipsab\/wp-content\/uploads\/usu1011\/2021\/10\/IMG_20210928_160211-768x665.jpg 768w, https:\/\/agora.xtec.cat\/ceipsab\/wp-content\/uploads\/usu1011\/2021\/10\/IMG_20210928_160211-1536x1331.jpg 1536w, https:\/\/agora.xtec.cat\/ceipsab\/wp-content\/uploads\/usu1011\/2021\/10\/IMG_20210928_160211-2048x1774.jpg 2048w\" sizes=\"auto, (max-width: 244px) 100vw, 244px\" \/><\/a><\/p>\n<p>&nbsp;<\/p>\n<p>&nbsp;<\/p>\n","protected":false},"excerpt":{"rendered":"<p>Hola fam\u00edlies!<br \/>\nA P5 hem comen\u00e7at a treballar de valent. Practiquem per aprendre a fer b\u00e9 les lletres fent grafisme creatiu. Tamb\u00e9 ens endinsem en el m\u00f3n de la lectoescriptura\u00a0 amb els jocs de llengua on hem de confegir paraules, picar s\u00edl\u00b7labes, relacionar la imatge amb&hellip;  <a href=\"https:\/\/agora.xtec.cat\/ceipsab\/educacio-infantil\/p5\/p5-primeres-activitats\/\" title=\"Read P5 PRIMERES ACTIVITATS\">Llegeix m\u00e9s\u00bb<\/a><\/p>\n","protected":false},"author":1,"featured_media":8318,"comment_status":"open","ping_status":"closed","sticky":false,"template":"","format":"standard","meta":{"_bbp_topic_count":0,"_bbp_reply_count":0,"_bbp_total_topic_count":0,"_bbp_total_reply_count":0,"_bbp_voice_count":0,"_bbp_anonymous_reply_count":0,"_bbp_topic_count_hidden":0,"_bbp_reply_count_hidden":0,"_bbp_forum_subforum_count":0,"footnotes":""},"categories":[62,9],"tags":[],"class_list":["post-8313","post","type-post","status-publish","format-standard","has-post-thumbnail","hentry","category-educacio-infantil","category-p5"],"post_mailing_queue_ids":[],"_links":{"self":[{"href":"https:\/\/agora.xtec.cat\/ceipsab\/wp-json\/wp\/v2\/posts\/8313","targetHints":{"allow":["GET"]}}],"collection":[{"href":"https:\/\/agora.xtec.cat\/ceipsab\/wp-json\/wp\/v2\/posts"}],"about":[{"href":"https:\/\/agora.xtec.cat\/ceipsab\/wp-json\/wp\/v2\/types\/post"}],"author":[{"embeddable":true,"href":"https:\/\/agora.xtec.cat\/ceipsab\/wp-json\/wp\/v2\/users\/1"}],"replies":[{"embeddable":true,"href":"https:\/\/agora.xtec.cat\/ceipsab\/wp-json\/wp\/v2\/comments?post=8313"}],"version-history":[{"count":3,"href":"https:\/\/agora.xtec.cat\/ceipsab\/wp-json\/wp\/v2\/posts\/8313\/revisions"}],"predecessor-version":[{"id":8322,"href":"https:\/\/agora.xtec.cat\/ceipsab\/wp-json\/wp\/v2\/posts\/8313\/revisions\/8322"}],"wp:featuredmedia":[{"embeddable":true,"href":"https:\/\/agora.xtec.cat\/ceipsab\/wp-json\/wp\/v2\/media\/8318"}],"wp:attachment":[{"href":"https:\/\/agora.xtec.cat\/ceipsab\/wp-json\/wp\/v2\/media?parent=8313"}],"wp:term":[{"taxonomy":"category","embeddable":true,"href":"https:\/\/agora.xtec.cat\/ceipsab\/wp-json\/wp\/v2\/categories?post=8313"},{"taxonomy":"post_tag","embeddable":true,"href":"https:\/\/agora.xtec.cat\/ceipsab\/wp-json\/wp\/v2\/tags?post=8313"}],"curies":[{"name":"wp","href":"https:\/\/api.w.org\/{rel}","templated":true}]}}