{"id":8296,"date":"2021-10-28T14:09:39","date_gmt":"2021-10-28T12:09:39","guid":{"rendered":"https:\/\/agora.xtec.cat\/ceipsab\/?p=8296"},"modified":"2021-10-28T14:09:39","modified_gmt":"2021-10-28T12:09:39","slug":"p3-les-fulles-de-la-tardor","status":"publish","type":"post","link":"https:\/\/agora.xtec.cat\/ceipsab\/educacio-infantil\/p3\/p3-les-fulles-de-la-tardor\/","title":{"rendered":"P3 LES FULLES DE LA TARDOR"},"content":{"rendered":"<p><span style=\"font-weight: 400\">LES FULLES DE LA TARDOR<\/span><\/p>\n<p><span style=\"font-weight: 400\">Els infants de P3 ens ho hem passat d\u2019all\u00f2 m\u00e9s b\u00e9. Hem gaudit molt jugant amb totes les fulles que hem anat portant a l\u2019escola, les hem trencat, les hem llen\u00e7at com si estigu\u00e9s plovent i hem rigut molt!\u00a0<\/span><\/p>\n<p><span style=\"font-weight: 400\">Ens podeu veure a continuaci\u00f3<\/span><i><span style=\"font-weight: 400\"> (clicant a sobre de la fotografia)<\/span><\/i><\/p>\n<p>P3A<\/p>\n<p><a href=\"https:\/\/photos.app.goo.gl\/Q4aCEAjp4GUTNhG16\"><img loading=\"lazy\" decoding=\"async\" class=\"alignnone  wp-image-8297\" src=\"https:\/\/agora.xtec.cat\/ceipsab\/wp-content\/uploads\/usu1011\/2021\/10\/IMG_20211019_153616-1024x576.jpg\" alt=\"\" width=\"313\" height=\"176\" srcset=\"https:\/\/agora.xtec.cat\/ceipsab\/wp-content\/uploads\/usu1011\/2021\/10\/IMG_20211019_153616-1024x576.jpg 1024w, https:\/\/agora.xtec.cat\/ceipsab\/wp-content\/uploads\/usu1011\/2021\/10\/IMG_20211019_153616-300x169.jpg 300w, https:\/\/agora.xtec.cat\/ceipsab\/wp-content\/uploads\/usu1011\/2021\/10\/IMG_20211019_153616-768x432.jpg 768w, https:\/\/agora.xtec.cat\/ceipsab\/wp-content\/uploads\/usu1011\/2021\/10\/IMG_20211019_153616-1536x864.jpg 1536w, https:\/\/agora.xtec.cat\/ceipsab\/wp-content\/uploads\/usu1011\/2021\/10\/IMG_20211019_153616-2048x1152.jpg 2048w\" sizes=\"auto, (max-width: 313px) 100vw, 313px\" \/><\/a><\/p>\n<p>P3B<\/p>\n<p><a href=\"https:\/\/photos.app.goo.gl\/9ShWoxkuJ2QXGP2b7\"><img loading=\"lazy\" decoding=\"async\" class=\"alignnone  wp-image-8299\" src=\"https:\/\/agora.xtec.cat\/ceipsab\/wp-content\/uploads\/usu1011\/2021\/10\/IMG_20211019_161501-768x1024.jpg\" alt=\"\" width=\"320\" height=\"426\" srcset=\"https:\/\/agora.xtec.cat\/ceipsab\/wp-content\/uploads\/usu1011\/2021\/10\/IMG_20211019_161501-768x1024.jpg 768w, https:\/\/agora.xtec.cat\/ceipsab\/wp-content\/uploads\/usu1011\/2021\/10\/IMG_20211019_161501-225x300.jpg 225w, https:\/\/agora.xtec.cat\/ceipsab\/wp-content\/uploads\/usu1011\/2021\/10\/IMG_20211019_161501-1152x1536.jpg 1152w, https:\/\/agora.xtec.cat\/ceipsab\/wp-content\/uploads\/usu1011\/2021\/10\/IMG_20211019_161501-1536x2048.jpg 1536w, https:\/\/agora.xtec.cat\/ceipsab\/wp-content\/uploads\/usu1011\/2021\/10\/IMG_20211019_161501-scaled.jpg 1920w\" sizes=\"auto, (max-width: 320px) 100vw, 320px\" \/><\/a><\/p>\n","protected":false},"excerpt":{"rendered":"<p>LES FULLES DE LA TARDOR<br \/>\nEls infants de P3 ens ho hem passat d\u2019all\u00f2 m\u00e9s b\u00e9. Hem gaudit molt jugant amb totes les fulles que hem anat portant a l\u2019escola, les hem trencat, les hem llen\u00e7at com si estigu\u00e9s plovent i hem rigut molt!\u00a0<br \/>\nEns podeu veure&hellip;  <a href=\"https:\/\/agora.xtec.cat\/ceipsab\/educacio-infantil\/p3\/p3-les-fulles-de-la-tardor\/\" title=\"Read P3 LES FULLES DE LA TARDOR\">Llegeix m\u00e9s\u00bb<\/a><\/p>\n","protected":false},"author":1,"featured_media":8299,"comment_status":"open","ping_status":"closed","sticky":false,"template":"","format":"standard","meta":{"_bbp_topic_count":0,"_bbp_reply_count":0,"_bbp_total_topic_count":0,"_bbp_total_reply_count":0,"_bbp_voice_count":0,"_bbp_anonymous_reply_count":0,"_bbp_topic_count_hidden":0,"_bbp_reply_count_hidden":0,"_bbp_forum_subforum_count":0,"footnotes":""},"categories":[62,3],"tags":[],"class_list":["post-8296","post","type-post","status-publish","format-standard","has-post-thumbnail","hentry","category-educacio-infantil","category-p3"],"post_mailing_queue_ids":[],"_links":{"self":[{"href":"https:\/\/agora.xtec.cat\/ceipsab\/wp-json\/wp\/v2\/posts\/8296","targetHints":{"allow":["GET"]}}],"collection":[{"href":"https:\/\/agora.xtec.cat\/ceipsab\/wp-json\/wp\/v2\/posts"}],"about":[{"href":"https:\/\/agora.xtec.cat\/ceipsab\/wp-json\/wp\/v2\/types\/post"}],"author":[{"embeddable":true,"href":"https:\/\/agora.xtec.cat\/ceipsab\/wp-json\/wp\/v2\/users\/1"}],"replies":[{"embeddable":true,"href":"https:\/\/agora.xtec.cat\/ceipsab\/wp-json\/wp\/v2\/comments?post=8296"}],"version-history":[{"count":2,"href":"https:\/\/agora.xtec.cat\/ceipsab\/wp-json\/wp\/v2\/posts\/8296\/revisions"}],"predecessor-version":[{"id":8307,"href":"https:\/\/agora.xtec.cat\/ceipsab\/wp-json\/wp\/v2\/posts\/8296\/revisions\/8307"}],"wp:featuredmedia":[{"embeddable":true,"href":"https:\/\/agora.xtec.cat\/ceipsab\/wp-json\/wp\/v2\/media\/8299"}],"wp:attachment":[{"href":"https:\/\/agora.xtec.cat\/ceipsab\/wp-json\/wp\/v2\/media?parent=8296"}],"wp:term":[{"taxonomy":"category","embeddable":true,"href":"https:\/\/agora.xtec.cat\/ceipsab\/wp-json\/wp\/v2\/categories?post=8296"},{"taxonomy":"post_tag","embeddable":true,"href":"https:\/\/agora.xtec.cat\/ceipsab\/wp-json\/wp\/v2\/tags?post=8296"}],"curies":[{"name":"wp","href":"https:\/\/api.w.org\/{rel}","templated":true}]}}