{"id":8241,"date":"2021-10-26T12:30:58","date_gmt":"2021-10-26T10:30:58","guid":{"rendered":"https:\/\/agora.xtec.cat\/ceipsab\/?p=8241"},"modified":"2021-10-26T12:31:53","modified_gmt":"2021-10-26T10:31:53","slug":"visita-al-museu-de-les-matematiques","status":"publish","type":"post","link":"https:\/\/agora.xtec.cat\/ceipsab\/primaria\/cicle-superior\/6e\/visita-al-museu-de-les-matematiques\/","title":{"rendered":"Visita al Museu de les Matem\u00e0tiques"},"content":{"rendered":"<p>Benvolgudes fam\u00edlies,<\/p>\n<p>El dijous 14 d\u2019octubre els alumnes de sis\u00e8 vam fer una sortida al Museu de les Matem\u00e0tiques situat a Cornell\u00e0.<\/p>\n<p>Abans d\u2019entrar al museu vam esmorzar al parc de Can Mercader. La visita al museu constava de tres sales amb diferents activitats relacionades amb les matem\u00e0tiques: Una primera sala dedicada a la geometria, a la seg\u00fcent vam poder experimentar amb els diferents efectes dels miralls i per \u00faltim a l\u2019\u00faltim sala vam trobar trencaclosques, jocs num\u00e8rics i de c\u00e0lculs.<\/p>\n<p>Un cop acabada la visita al museu vam tornar a sortir al parc per fer una gimcana. Vam haver d\u2019orientar-nos per tot el parc resolent misteris matem\u00e0tics. Al final les pistes ens van portar a crear una frase per poder obrir un tresor. Ens van regalar algun dels jocs que vam veure al museu!<\/p>\n<p>Abans de marxar cap a casa vam dinar i jugar al mateix parc, ens ho vam passar molt b\u00e9!<\/p>\n<p>Cliqueu en la imatge de sota per veure les fotos del dia de la sortida.<\/p>\n<p>Alumnes de 6\u00e8<\/p>\n<p><a href=\"https:\/\/photos.app.goo.gl\/ShZQprWPUjFuVTfp7\"><img loading=\"lazy\" decoding=\"async\" class=\"attachment-266x266 aligncenter\" src=\"https:\/\/agora.xtec.cat\/ceipsab\/wp-content\/uploads\/usu1011\/2021\/10\/palau.jpg\" alt=\"\" width=\"399\" height=\"306\" \/><\/a><\/p>\n<p>&nbsp;<\/p>\n","protected":false},"excerpt":{"rendered":"<p>Benvolgudes fam\u00edlies,<br \/>\nEl dijous 14 d\u2019octubre els alumnes de sis\u00e8 vam fer una sortida al Museu de les Matem\u00e0tiques situat a Cornell\u00e0.<br \/>\nAbans d\u2019entrar al museu vam esmorzar al parc de Can Mercader. La visita al museu constava de tres sales amb diferents activitats relacionades amb les&hellip;  <a href=\"https:\/\/agora.xtec.cat\/ceipsab\/primaria\/cicle-superior\/6e\/visita-al-museu-de-les-matematiques\/\" title=\"Read Visita al Museu de les Matem\u00e0tiques\">Llegeix m\u00e9s\u00bb<\/a><\/p>\n","protected":false},"author":56,"featured_media":8242,"comment_status":"open","ping_status":"closed","sticky":false,"template":"","format":"standard","meta":{"_bbp_topic_count":0,"_bbp_reply_count":0,"_bbp_total_topic_count":0,"_bbp_total_reply_count":0,"_bbp_voice_count":0,"_bbp_anonymous_reply_count":0,"_bbp_topic_count_hidden":0,"_bbp_reply_count_hidden":0,"_bbp_forum_subforum_count":0,"footnotes":""},"categories":[15],"tags":[],"class_list":["post-8241","post","type-post","status-publish","format-standard","has-post-thumbnail","hentry","category-6e"],"post_mailing_queue_ids":[],"_links":{"self":[{"href":"https:\/\/agora.xtec.cat\/ceipsab\/wp-json\/wp\/v2\/posts\/8241","targetHints":{"allow":["GET"]}}],"collection":[{"href":"https:\/\/agora.xtec.cat\/ceipsab\/wp-json\/wp\/v2\/posts"}],"about":[{"href":"https:\/\/agora.xtec.cat\/ceipsab\/wp-json\/wp\/v2\/types\/post"}],"author":[{"embeddable":true,"href":"https:\/\/agora.xtec.cat\/ceipsab\/wp-json\/wp\/v2\/users\/56"}],"replies":[{"embeddable":true,"href":"https:\/\/agora.xtec.cat\/ceipsab\/wp-json\/wp\/v2\/comments?post=8241"}],"version-history":[{"count":2,"href":"https:\/\/agora.xtec.cat\/ceipsab\/wp-json\/wp\/v2\/posts\/8241\/revisions"}],"predecessor-version":[{"id":8244,"href":"https:\/\/agora.xtec.cat\/ceipsab\/wp-json\/wp\/v2\/posts\/8241\/revisions\/8244"}],"wp:featuredmedia":[{"embeddable":true,"href":"https:\/\/agora.xtec.cat\/ceipsab\/wp-json\/wp\/v2\/media\/8242"}],"wp:attachment":[{"href":"https:\/\/agora.xtec.cat\/ceipsab\/wp-json\/wp\/v2\/media?parent=8241"}],"wp:term":[{"taxonomy":"category","embeddable":true,"href":"https:\/\/agora.xtec.cat\/ceipsab\/wp-json\/wp\/v2\/categories?post=8241"},{"taxonomy":"post_tag","embeddable":true,"href":"https:\/\/agora.xtec.cat\/ceipsab\/wp-json\/wp\/v2\/tags?post=8241"}],"curies":[{"name":"wp","href":"https:\/\/api.w.org\/{rel}","templated":true}]}}