{"id":8186,"date":"2021-10-14T16:54:40","date_gmt":"2021-10-14T14:54:40","guid":{"rendered":"https:\/\/agora.xtec.cat\/ceipsab\/?p=8186"},"modified":"2021-10-14T16:55:13","modified_gmt":"2021-10-14T14:55:13","slug":"avui-plou","status":"publish","type":"post","link":"https:\/\/agora.xtec.cat\/ceipsab\/educacio-infantil\/p3\/avui-plou\/","title":{"rendered":"AVUI PLOU"},"content":{"rendered":"<p><span style=\"font-weight: 400;\">Fa uns dies\u00a0 vam tenir un dia molt pluj\u00f3s i vam aprofitar per parlar de la pluja i practicar el tra\u00e7 vertical amb el cam\u00ed que fan les gotetes en caure.<\/span><\/p>\n<p><span style=\"font-weight: 400;\">Hem cantat can\u00e7ons sobre la pluja, he fet el cam\u00ed de les gotetes a la pissarra, tamb\u00e9 hem fet el cam\u00ed de les gotetes al paper d\u2019embalar gran i per acabar hem estampat pintura per acolorir el paraigua.<\/span><\/p>\n<p><span style=\"font-weight: 400;\">Ens ha quedat un paraigua molt bonic!!!<\/span><\/p>\n<p><span style=\"font-weight: 400;\">Cliqueu a la respectiva imatge i podreu veure m\u00e9s fotos.<\/span><\/p>\n<p>P3A<\/p>\n<p><a href=\"https:\/\/photos.app.goo.gl\/bhZhszrgMk58bA4o7\"><img loading=\"lazy\" decoding=\"async\" class=\"alignnone size-medium wp-image-8187\" src=\"https:\/\/agora.xtec.cat\/ceipsab\/wp-content\/uploads\/usu1011\/2021\/10\/PLOU-300x250.jpg\" alt=\"\" width=\"300\" height=\"250\" srcset=\"https:\/\/agora.xtec.cat\/ceipsab\/wp-content\/uploads\/usu1011\/2021\/10\/PLOU-300x250.jpg 300w, https:\/\/agora.xtec.cat\/ceipsab\/wp-content\/uploads\/usu1011\/2021\/10\/PLOU.jpg 307w\" sizes=\"auto, (max-width: 300px) 100vw, 300px\" \/><\/a><\/p>\n<p>P3B<\/p>\n<p><a href=\"https:\/\/photos.app.goo.gl\/HsjLLndQwNBXHSdz6\"><img loading=\"lazy\" decoding=\"async\" class=\"alignnone size-medium wp-image-8188\" src=\"https:\/\/agora.xtec.cat\/ceipsab\/wp-content\/uploads\/usu1011\/2021\/10\/PLOU2-286x300.jpg\" alt=\"\" width=\"286\" height=\"300\" srcset=\"https:\/\/agora.xtec.cat\/ceipsab\/wp-content\/uploads\/usu1011\/2021\/10\/PLOU2-286x300.jpg 286w, https:\/\/agora.xtec.cat\/ceipsab\/wp-content\/uploads\/usu1011\/2021\/10\/PLOU2.jpg 430w\" sizes=\"auto, (max-width: 286px) 100vw, 286px\" \/><\/a><\/p>\n","protected":false},"excerpt":{"rendered":"<p>Fa uns dies\u00a0 vam tenir un dia molt pluj\u00f3s i vam aprofitar per parlar de la pluja i practicar el tra\u00e7 vertical amb el cam\u00ed que fan les gotetes en caure.<br \/>\nHem cantat can\u00e7ons sobre la pluja, he fet el cam\u00ed de les gotetes a la&hellip;  <a href=\"https:\/\/agora.xtec.cat\/ceipsab\/educacio-infantil\/p3\/avui-plou\/\" title=\"Read AVUI PLOU\">Llegeix m\u00e9s\u00bb<\/a><\/p>\n","protected":false},"author":7,"featured_media":8187,"comment_status":"open","ping_status":"closed","sticky":false,"template":"","format":"standard","meta":{"_bbp_topic_count":0,"_bbp_reply_count":0,"_bbp_total_topic_count":0,"_bbp_total_reply_count":0,"_bbp_voice_count":0,"_bbp_anonymous_reply_count":0,"_bbp_topic_count_hidden":0,"_bbp_reply_count_hidden":0,"_bbp_forum_subforum_count":0,"footnotes":""},"categories":[62,3],"tags":[179,265,343],"class_list":["post-8186","post","type-post","status-publish","format-standard","has-post-thumbnail","hentry","category-educacio-infantil","category-p3","tag-p3","tag-pintura","tag-plou"],"post_mailing_queue_ids":[],"_links":{"self":[{"href":"https:\/\/agora.xtec.cat\/ceipsab\/wp-json\/wp\/v2\/posts\/8186","targetHints":{"allow":["GET"]}}],"collection":[{"href":"https:\/\/agora.xtec.cat\/ceipsab\/wp-json\/wp\/v2\/posts"}],"about":[{"href":"https:\/\/agora.xtec.cat\/ceipsab\/wp-json\/wp\/v2\/types\/post"}],"author":[{"embeddable":true,"href":"https:\/\/agora.xtec.cat\/ceipsab\/wp-json\/wp\/v2\/users\/7"}],"replies":[{"embeddable":true,"href":"https:\/\/agora.xtec.cat\/ceipsab\/wp-json\/wp\/v2\/comments?post=8186"}],"version-history":[{"count":3,"href":"https:\/\/agora.xtec.cat\/ceipsab\/wp-json\/wp\/v2\/posts\/8186\/revisions"}],"predecessor-version":[{"id":8191,"href":"https:\/\/agora.xtec.cat\/ceipsab\/wp-json\/wp\/v2\/posts\/8186\/revisions\/8191"}],"wp:featuredmedia":[{"embeddable":true,"href":"https:\/\/agora.xtec.cat\/ceipsab\/wp-json\/wp\/v2\/media\/8187"}],"wp:attachment":[{"href":"https:\/\/agora.xtec.cat\/ceipsab\/wp-json\/wp\/v2\/media?parent=8186"}],"wp:term":[{"taxonomy":"category","embeddable":true,"href":"https:\/\/agora.xtec.cat\/ceipsab\/wp-json\/wp\/v2\/categories?post=8186"},{"taxonomy":"post_tag","embeddable":true,"href":"https:\/\/agora.xtec.cat\/ceipsab\/wp-json\/wp\/v2\/tags?post=8186"}],"curies":[{"name":"wp","href":"https:\/\/api.w.org\/{rel}","templated":true}]}}