{"id":8073,"date":"2021-06-22T14:31:22","date_gmt":"2021-06-22T12:31:22","guid":{"rendered":"http:\/\/agora.xtec.cat\/ceipsab\/?p=8073"},"modified":"2021-06-22T14:31:22","modified_gmt":"2021-06-22T12:31:22","slug":"ultim-dia-de-curs-p5","status":"publish","type":"post","link":"https:\/\/agora.xtec.cat\/ceipsab\/educacio-infantil\/p5\/ultim-dia-de-curs-p5\/","title":{"rendered":"\u00daLTIM DIA DE CURS P5"},"content":{"rendered":"<p><span style=\"font-weight: 400;\">Avui \u00e9s l&#8217;\u00faltim dia de curs i ha estat un dia molt bonic i emotiu. Ens hem acomiadat i hem fet una mica de festa. Hem vist els v\u00eddeos dels infants de sis\u00e8 i hem ballat amb els v\u00eddeos dels pares i mares de l&#8217;AMPA. Sorpresa! L&#8217;AMPA i el menjador ens han convidat a esmorzar. Bon\u00edssim!!!<\/span><\/p>\n<p><span style=\"font-weight: 400;\">Ah! I tamb\u00e9 hem menjat un gelat, que estem a l&#8217;estiu!<\/span><\/p>\n<p><span style=\"font-weight: 400;\">En resum un dia genial!!!<\/span><\/p>\n<p><a href=\"https:\/\/photos.app.goo.gl\/8ZV45x9wuaY8WP7S8\"><img loading=\"lazy\" decoding=\"async\" class=\"alignnone size-medium wp-image-8077\" src=\"https:\/\/agora.xtec.cat\/ceipsab\/wp-content\/uploads\/usu1011\/2021\/06\/ulltim-232x300.png\" alt=\"\" width=\"232\" height=\"300\" srcset=\"https:\/\/agora.xtec.cat\/ceipsab\/wp-content\/uploads\/usu1011\/2021\/06\/ulltim-232x300.png 232w, https:\/\/agora.xtec.cat\/ceipsab\/wp-content\/uploads\/usu1011\/2021\/06\/ulltim.png 465w\" sizes=\"auto, (max-width: 232px) 100vw, 232px\" \/><\/a><\/p>\n","protected":false},"excerpt":{"rendered":"<p>Avui \u00e9s l&#8217;\u00faltim dia de curs i ha estat un dia molt bonic i emotiu. Ens hem acomiadat i hem fet una mica de festa. Hem vist els v\u00eddeos dels infants de sis\u00e8 i hem ballat amb els v\u00eddeos dels pares i mares de l&#8217;AMPA.&hellip;  <a href=\"https:\/\/agora.xtec.cat\/ceipsab\/educacio-infantil\/p5\/ultim-dia-de-curs-p5\/\" title=\"Read \u00daLTIM DIA DE CURS P5\">Llegeix m\u00e9s\u00bb<\/a><\/p>\n","protected":false},"author":7,"featured_media":8077,"comment_status":"open","ping_status":"closed","sticky":false,"template":"","format":"standard","meta":{"_bbp_topic_count":0,"_bbp_reply_count":0,"_bbp_total_topic_count":0,"_bbp_total_reply_count":0,"_bbp_voice_count":0,"_bbp_anonymous_reply_count":0,"_bbp_topic_count_hidden":0,"_bbp_reply_count_hidden":0,"_bbp_forum_subforum_count":0,"footnotes":""},"categories":[62,9],"tags":[337,226],"class_list":["post-8073","post","type-post","status-publish","format-standard","has-post-thumbnail","hentry","category-educacio-infantil","category-p5","tag-festa","tag-p5"],"post_mailing_queue_ids":[],"_links":{"self":[{"href":"https:\/\/agora.xtec.cat\/ceipsab\/wp-json\/wp\/v2\/posts\/8073","targetHints":{"allow":["GET"]}}],"collection":[{"href":"https:\/\/agora.xtec.cat\/ceipsab\/wp-json\/wp\/v2\/posts"}],"about":[{"href":"https:\/\/agora.xtec.cat\/ceipsab\/wp-json\/wp\/v2\/types\/post"}],"author":[{"embeddable":true,"href":"https:\/\/agora.xtec.cat\/ceipsab\/wp-json\/wp\/v2\/users\/7"}],"replies":[{"embeddable":true,"href":"https:\/\/agora.xtec.cat\/ceipsab\/wp-json\/wp\/v2\/comments?post=8073"}],"version-history":[{"count":1,"href":"https:\/\/agora.xtec.cat\/ceipsab\/wp-json\/wp\/v2\/posts\/8073\/revisions"}],"predecessor-version":[{"id":8078,"href":"https:\/\/agora.xtec.cat\/ceipsab\/wp-json\/wp\/v2\/posts\/8073\/revisions\/8078"}],"wp:featuredmedia":[{"embeddable":true,"href":"https:\/\/agora.xtec.cat\/ceipsab\/wp-json\/wp\/v2\/media\/8077"}],"wp:attachment":[{"href":"https:\/\/agora.xtec.cat\/ceipsab\/wp-json\/wp\/v2\/media?parent=8073"}],"wp:term":[{"taxonomy":"category","embeddable":true,"href":"https:\/\/agora.xtec.cat\/ceipsab\/wp-json\/wp\/v2\/categories?post=8073"},{"taxonomy":"post_tag","embeddable":true,"href":"https:\/\/agora.xtec.cat\/ceipsab\/wp-json\/wp\/v2\/tags?post=8073"}],"curies":[{"name":"wp","href":"https:\/\/api.w.org\/{rel}","templated":true}]}}