{"id":8067,"date":"2021-06-22T14:40:59","date_gmt":"2021-06-22T12:40:59","guid":{"rendered":"http:\/\/agora.xtec.cat\/ceipsab\/?p=8067"},"modified":"2021-06-22T14:40:59","modified_gmt":"2021-06-22T12:40:59","slug":"ampa-grup-danimacio","status":"publish","type":"post","link":"https:\/\/agora.xtec.cat\/ceipsab\/portada\/ampa-grup-danimacio\/","title":{"rendered":"AMPA: Grup d&#8217;animaci\u00f3"},"content":{"rendered":"<p>Ahir dilluns ens van visitar el grup d&#8217;animaci\u00f3\u00a0 ANIMARIUS. Fan fer 2 espectacles, un ball per prim\u00e0ria i per infantil un conte animat. Tot aix\u00f2 ha sigut gr\u00e0cies a l&#8217;AMPA que sempre busca una manera de col\u00b7laborar amb l&#8217;escola.<\/p>\n<p>Gr\u00e0cies AMPA!!!<\/p>\n<p><iframe loading=\"lazy\" title=\"ball1\" width=\"500\" height=\"281\" src=\"https:\/\/www.youtube.com\/embed\/WKpCjSSjJy0?feature=oembed\" frameborder=\"0\" allow=\"accelerometer; autoplay; clipboard-write; encrypted-media; gyroscope; picture-in-picture; web-share\" referrerpolicy=\"strict-origin-when-cross-origin\" allowfullscreen><\/iframe><\/p>\n<p><iframe loading=\"lazy\" title=\"ball 2\" width=\"500\" height=\"281\" src=\"https:\/\/www.youtube.com\/embed\/5RzN6-9C3Es?feature=oembed\" frameborder=\"0\" allow=\"accelerometer; autoplay; clipboard-write; encrypted-media; gyroscope; picture-in-picture; web-share\" referrerpolicy=\"strict-origin-when-cross-origin\" allowfullscreen><\/iframe><\/p>\n<p>&nbsp;<\/p>\n<p>&nbsp;<\/p>\n<p><a href=\"https:\/\/photos.app.goo.gl\/SCcbBmFMnxX6BVcF6\"><img loading=\"lazy\" decoding=\"async\" class=\"aligncenter wp-image-8075 size-large\" src=\"https:\/\/agora.xtec.cat\/ceipsab\/wp-content\/uploads\/usu1011\/2021\/06\/20210621_094449-1024x768.jpg\" alt=\"\" width=\"1024\" height=\"768\" srcset=\"https:\/\/agora.xtec.cat\/ceipsab\/wp-content\/uploads\/usu1011\/2021\/06\/20210621_094449-1024x768.jpg 1024w, https:\/\/agora.xtec.cat\/ceipsab\/wp-content\/uploads\/usu1011\/2021\/06\/20210621_094449-300x225.jpg 300w, https:\/\/agora.xtec.cat\/ceipsab\/wp-content\/uploads\/usu1011\/2021\/06\/20210621_094449-768x576.jpg 768w, https:\/\/agora.xtec.cat\/ceipsab\/wp-content\/uploads\/usu1011\/2021\/06\/20210621_094449-200x150.jpg 200w\" sizes=\"auto, (max-width: 1024px) 100vw, 1024px\" \/><img loading=\"lazy\" decoding=\"async\" class=\"aligncenter wp-image-7973 \" src=\"https:\/\/agora.xtec.cat\/ceipsab\/wp-content\/uploads\/usu1011\/2021\/06\/ANI-1.jpg\" alt=\"\" width=\"511\" height=\"476\" \/><\/a><\/p>\n","protected":false},"excerpt":{"rendered":"<p>Ahir dilluns ens van visitar el grup d&#8217;animaci\u00f3\u00a0 ANIMARIUS. Fan fer 2 espectacles, un ball per prim\u00e0ria i per infantil un conte animat. Tot aix\u00f2 ha sigut gr\u00e0cies a l&#8217;AMPA que sempre busca una manera de col\u00b7laborar amb l&#8217;escola.<br \/>\nGr\u00e0cies AMPA!!!<\/p>\n<p>&nbsp;<br \/>\n&nbsp;<br \/>\n<a href=\"https:\/\/photos.app.goo.gl\/SCcbBmFMnxX6BVcF6\"><\/a><\/p>\n","protected":false},"author":3,"featured_media":8074,"comment_status":"open","ping_status":"closed","sticky":false,"template":"","format":"standard","meta":{"_bbp_topic_count":0,"_bbp_reply_count":0,"_bbp_total_topic_count":0,"_bbp_total_reply_count":0,"_bbp_voice_count":0,"_bbp_anonymous_reply_count":0,"_bbp_topic_count_hidden":0,"_bbp_reply_count_hidden":0,"_bbp_forum_subforum_count":0,"footnotes":""},"categories":[4],"tags":[338],"class_list":["post-8067","post","type-post","status-publish","format-standard","has-post-thumbnail","hentry","category-portada","tag-ampa"],"post_mailing_queue_ids":[],"_links":{"self":[{"href":"https:\/\/agora.xtec.cat\/ceipsab\/wp-json\/wp\/v2\/posts\/8067","targetHints":{"allow":["GET"]}}],"collection":[{"href":"https:\/\/agora.xtec.cat\/ceipsab\/wp-json\/wp\/v2\/posts"}],"about":[{"href":"https:\/\/agora.xtec.cat\/ceipsab\/wp-json\/wp\/v2\/types\/post"}],"author":[{"embeddable":true,"href":"https:\/\/agora.xtec.cat\/ceipsab\/wp-json\/wp\/v2\/users\/3"}],"replies":[{"embeddable":true,"href":"https:\/\/agora.xtec.cat\/ceipsab\/wp-json\/wp\/v2\/comments?post=8067"}],"version-history":[{"count":3,"href":"https:\/\/agora.xtec.cat\/ceipsab\/wp-json\/wp\/v2\/posts\/8067\/revisions"}],"predecessor-version":[{"id":8080,"href":"https:\/\/agora.xtec.cat\/ceipsab\/wp-json\/wp\/v2\/posts\/8067\/revisions\/8080"}],"wp:featuredmedia":[{"embeddable":true,"href":"https:\/\/agora.xtec.cat\/ceipsab\/wp-json\/wp\/v2\/media\/8074"}],"wp:attachment":[{"href":"https:\/\/agora.xtec.cat\/ceipsab\/wp-json\/wp\/v2\/media?parent=8067"}],"wp:term":[{"taxonomy":"category","embeddable":true,"href":"https:\/\/agora.xtec.cat\/ceipsab\/wp-json\/wp\/v2\/categories?post=8067"},{"taxonomy":"post_tag","embeddable":true,"href":"https:\/\/agora.xtec.cat\/ceipsab\/wp-json\/wp\/v2\/tags?post=8067"}],"curies":[{"name":"wp","href":"https:\/\/api.w.org\/{rel}","templated":true}]}}