{"id":8064,"date":"2021-06-22T13:49:55","date_gmt":"2021-06-22T11:49:55","guid":{"rendered":"http:\/\/agora.xtec.cat\/ceipsab\/?p=8064"},"modified":"2021-06-22T13:49:55","modified_gmt":"2021-06-22T11:49:55","slug":"ultim-dia-de-curs","status":"publish","type":"post","link":"https:\/\/agora.xtec.cat\/ceipsab\/educacio-infantil\/p3\/ultim-dia-de-curs\/","title":{"rendered":"\u00daLTIM DIA DE CURS"},"content":{"rendered":"<p>Hola fam\u00edlies!<\/p>\n<p>Avui ha estat l&#8217;\u00faltim dia de curs i a l&#8217;escola hem tingut un dia ben especial!<\/p>\n<p>De bon mat\u00ed hem acomiadat als alumnes de 6\u00e8 cantant la can\u00e7\u00f3 de l&#8217;escola. Despr\u00e9s gr\u00e0cies a l&#8217;AMPA de l&#8217;escola, hem pogut esmorzar una mica de coca i xocolata i ballar una mica!<\/p>\n<p>Finalment ens hem menjat un gelat ben fresquet!<\/p>\n<p>Ens ho hem passat molt b\u00e9!<\/p>\n<p>BONES VACANCES!<\/p>\n<p>Fotos P3A<\/p>\n<p><a href=\"https:\/\/photos.app.goo.gl\/KPkSrb8bH2ZG3u4q8\"><img loading=\"lazy\" decoding=\"async\" class=\"\" src=\"https:\/\/lh3.googleusercontent.com\/4d5Hh8NXJQO1Yvtx5DqPWXpIXus5RD3CvBid1EAeSbgfaTzjaJ6oujZieNJXM4DNYbH_ASShL7Cp1OEVH2VItWwhWOhTMqfL8BxaFhrocQMS_e1zxEIWfRm_-h6-4XTGz3z56s9WnKFTTcax8d3RBIRRmNupd5pMkyhCsG375WOBj-dJL-rECf8Dgrk9YCBtYx568S784F6Z391BbPGLceduZqXgh56UuYOiTzih8RzvohWyGH67NN40G1KdHBn2RN5jNJ0x4ZwIazuUD7HxFvRgvMsWvrAOw9SD1i2Fnw5ypcR7GDG1ZRGUZ0N0kxPsnD8LrT-aMou3AF7jtfwV3-Z6WMfyeNImkxcwgt_Dy7joaFHKbqqsrNaQjSMurIMHpz9RNamPANuRDCrniN1Fy6sLQJdcVgeeetTWd5QATfb-mWLNUqs_aH-OUgbA82V8IJHROVC4-5iuRkmH1ZJTz6dOe-XUIrbG7e9ENP8uobK0cYlykNsocylr_Ds3gv7zvKRQNLmUkVjADpKImYHu1xbfvCPLWm_PZYHz4VuKM3CmtcOUli7uHk2woE1t3AY0JXPVtgpgFoMI0B97PZDBvhqdsqOQAZzAlQt3SaquciQwkijWsoLrSqEMvcUccrVxQXbiOXb3M6v9v_TWogUjWo4kHTD_sn6GAn3j9wWBLCcV7QUVQdY8GPNTuNBG5wWMvEtedgwtVj3s_B0sRPySj1Kr=w876-h657-no?authuser=2\" width=\"360\" height=\"270\" \/><\/a><\/p>\n<p>Fotos P3B<\/p>\n<p><a href=\"https:\/\/photos.app.goo.gl\/jGAeJgbpc6tMLQZS6\"><img loading=\"lazy\" decoding=\"async\" class=\"\" src=\"https:\/\/lh3.googleusercontent.com\/qVphmS9s48awqMnSiNwT-YxN0WEbZ3kmrOiq0e952hUYL7xDydSL2r1tQNpS_rC35CA3JJhyY1SqyjdCj7FI59rusO7j5Wq9NSc3CFjKThKPs95qC7b_e24ydKuOZ1ddbd5RxEaAZ1BYzmduQdlCo_Yt7PdFUrUJUFHc33KIKaG5LJYrYguMGwnLckWdJXdfTOhERz8ty1HBCflGkpAS9s22QsE-lKjVl-i1s3h-35m0fmVxviWoqsxutBi3tIJ_96IIdPxv5bauVfLlgzmGVKfJW8Y0QVf3ZxeUmKPEtSkDgaYhHbuo0fCuCFDOL0CclcLxcct3DKJPX5T_CoDjHIqoIz_dsXusVNSSMJkfjSC95smAs4XG7nmuhjYXPsZtds21rcFuOOCgRrZ_y_B7Ea78-zGGp1QqHu0Y8FWOz3NKuc0PnKgFFeQ0bT8HgvA103dTVx-MQKpHSOZTyrfnn8x4y-jJzlwUq7Lka451f_7ckKTNO_arTer-P1aTwEzgeUa_UASuNUL3RntgmE4nHNvYuoqAUEiVBBIDBjUzJJwBxe6bm-tISW5kIg_Zxq0c0U8TJKHle0vKdknmanwu6l3YWmtnW4WdE0h8NQDpkNPFa7chgGKWeHPlMKq7pg2fL7BwN1cftio1tfsVBRp_1hgPaaWB9fNvTfvS_X3NQkfb1aRnDR84MwbE2r4HbGJBw-_Em5PKY4NIrS93wZjhNzVA=w876-h657-no?authuser=2\" width=\"363\" height=\"272\" \/><\/a><\/p>\n","protected":false},"excerpt":{"rendered":"<p>Hola fam\u00edlies!<br \/>\nAvui ha estat l&#8217;\u00faltim dia de curs i a l&#8217;escola hem tingut un dia ben especial!<br \/>\nDe bon mat\u00ed hem acomiadat als alumnes de 6\u00e8 cantant la can\u00e7\u00f3 de l&#8217;escola. Despr\u00e9s gr\u00e0cies a l&#8217;AMPA de l&#8217;escola, hem pogut esmorzar una mica de coca i xocolata&hellip;  <a href=\"https:\/\/agora.xtec.cat\/ceipsab\/educacio-infantil\/p3\/ultim-dia-de-curs\/\" title=\"Read \u00daLTIM DIA DE CURS\">Llegeix m\u00e9s\u00bb<\/a><\/p>\n","protected":false},"author":1,"featured_media":0,"comment_status":"open","ping_status":"closed","sticky":false,"template":"","format":"standard","meta":{"_bbp_topic_count":0,"_bbp_reply_count":0,"_bbp_total_topic_count":0,"_bbp_total_reply_count":0,"_bbp_voice_count":0,"_bbp_anonymous_reply_count":0,"_bbp_topic_count_hidden":0,"_bbp_reply_count_hidden":0,"_bbp_forum_subforum_count":0,"footnotes":""},"categories":[62,3],"tags":[],"class_list":["post-8064","post","type-post","status-publish","format-standard","hentry","category-educacio-infantil","category-p3"],"post_mailing_queue_ids":[],"_links":{"self":[{"href":"https:\/\/agora.xtec.cat\/ceipsab\/wp-json\/wp\/v2\/posts\/8064","targetHints":{"allow":["GET"]}}],"collection":[{"href":"https:\/\/agora.xtec.cat\/ceipsab\/wp-json\/wp\/v2\/posts"}],"about":[{"href":"https:\/\/agora.xtec.cat\/ceipsab\/wp-json\/wp\/v2\/types\/post"}],"author":[{"embeddable":true,"href":"https:\/\/agora.xtec.cat\/ceipsab\/wp-json\/wp\/v2\/users\/1"}],"replies":[{"embeddable":true,"href":"https:\/\/agora.xtec.cat\/ceipsab\/wp-json\/wp\/v2\/comments?post=8064"}],"version-history":[{"count":1,"href":"https:\/\/agora.xtec.cat\/ceipsab\/wp-json\/wp\/v2\/posts\/8064\/revisions"}],"predecessor-version":[{"id":8065,"href":"https:\/\/agora.xtec.cat\/ceipsab\/wp-json\/wp\/v2\/posts\/8064\/revisions\/8065"}],"wp:attachment":[{"href":"https:\/\/agora.xtec.cat\/ceipsab\/wp-json\/wp\/v2\/media?parent=8064"}],"wp:term":[{"taxonomy":"category","embeddable":true,"href":"https:\/\/agora.xtec.cat\/ceipsab\/wp-json\/wp\/v2\/categories?post=8064"},{"taxonomy":"post_tag","embeddable":true,"href":"https:\/\/agora.xtec.cat\/ceipsab\/wp-json\/wp\/v2\/tags?post=8064"}],"curies":[{"name":"wp","href":"https:\/\/api.w.org\/{rel}","templated":true}]}}