{"id":8046,"date":"2021-06-22T09:58:39","date_gmt":"2021-06-22T07:58:39","guid":{"rendered":"http:\/\/agora.xtec.cat\/ceipsab\/?p=8046"},"modified":"2021-06-22T09:58:39","modified_gmt":"2021-06-22T07:58:39","slug":"p4-treballem-el-conte-lavia-pepa","status":"publish","type":"post","link":"https:\/\/agora.xtec.cat\/ceipsab\/educacio-infantil\/p4\/p4-treballem-el-conte-lavia-pepa\/","title":{"rendered":"P4 TREBALLEM EL CONTE L&#8217;\u00c0VIA PEPA"},"content":{"rendered":"<p>Durant aquest \u00faltim trimestre hem continuat treballant la lectoescriptura a partir del conte l&#8217;\u00c0via Pepa.<\/p>\n<p>En una sessi\u00f3 vam endre\u00e7ar les frases del conte. En un altre moment tamb\u00e9 vam jugar al memory, on hav\u00edem de relacionar la paraula amb el dibuix dels diferents personatges del conte.<\/p>\n<p>Mireu que b\u00e9 ho hem.<\/p>\n<p><a href=\"https:\/\/photos.app.goo.gl\/bSXNdPARTvjuNXHc9\"><img loading=\"lazy\" decoding=\"async\" class=\"alignnone  wp-image-8047\" src=\"https:\/\/agora.xtec.cat\/ceipsab\/wp-content\/uploads\/usu1011\/2021\/06\/P4-CONTE-\u00c0VIA-PEPA-1024x768.jpg\" alt=\"\" width=\"287\" height=\"215\" srcset=\"https:\/\/agora.xtec.cat\/ceipsab\/wp-content\/uploads\/usu1011\/2021\/06\/P4-CONTE-\u00c0VIA-PEPA-1024x768.jpg 1024w, https:\/\/agora.xtec.cat\/ceipsab\/wp-content\/uploads\/usu1011\/2021\/06\/P4-CONTE-\u00c0VIA-PEPA-300x225.jpg 300w, https:\/\/agora.xtec.cat\/ceipsab\/wp-content\/uploads\/usu1011\/2021\/06\/P4-CONTE-\u00c0VIA-PEPA-768x576.jpg 768w, https:\/\/agora.xtec.cat\/ceipsab\/wp-content\/uploads\/usu1011\/2021\/06\/P4-CONTE-\u00c0VIA-PEPA-200x150.jpg 200w, https:\/\/agora.xtec.cat\/ceipsab\/wp-content\/uploads\/usu1011\/2021\/06\/P4-CONTE-\u00c0VIA-PEPA.jpg 1600w\" sizes=\"auto, (max-width: 287px) 100vw, 287px\" \/><\/a><\/p>\n<p>&nbsp;<\/p>\n","protected":false},"excerpt":{"rendered":"<p>Durant aquest \u00faltim trimestre hem continuat treballant la lectoescriptura a partir del conte l&#8217;\u00c0via Pepa.<br \/>\nEn una sessi\u00f3 vam endre\u00e7ar les frases del conte. En un altre moment tamb\u00e9 vam jugar al memory, on hav\u00edem de relacionar la paraula amb el dibuix dels diferents personatges del&hellip;  <a href=\"https:\/\/agora.xtec.cat\/ceipsab\/educacio-infantil\/p4\/p4-treballem-el-conte-lavia-pepa\/\" title=\"Read P4 TREBALLEM EL CONTE L&#8217;\u00c0VIA PEPA\">Llegeix m\u00e9s\u00bb<\/a><\/p>\n","protected":false},"author":48,"featured_media":8047,"comment_status":"open","ping_status":"closed","sticky":false,"template":"","format":"standard","meta":{"_bbp_topic_count":0,"_bbp_reply_count":0,"_bbp_total_topic_count":0,"_bbp_total_reply_count":0,"_bbp_voice_count":0,"_bbp_anonymous_reply_count":0,"_bbp_topic_count_hidden":0,"_bbp_reply_count_hidden":0,"_bbp_forum_subforum_count":0,"footnotes":""},"categories":[62,8],"tags":[],"class_list":["post-8046","post","type-post","status-publish","format-standard","has-post-thumbnail","hentry","category-educacio-infantil","category-p4"],"post_mailing_queue_ids":[],"_links":{"self":[{"href":"https:\/\/agora.xtec.cat\/ceipsab\/wp-json\/wp\/v2\/posts\/8046","targetHints":{"allow":["GET"]}}],"collection":[{"href":"https:\/\/agora.xtec.cat\/ceipsab\/wp-json\/wp\/v2\/posts"}],"about":[{"href":"https:\/\/agora.xtec.cat\/ceipsab\/wp-json\/wp\/v2\/types\/post"}],"author":[{"embeddable":true,"href":"https:\/\/agora.xtec.cat\/ceipsab\/wp-json\/wp\/v2\/users\/48"}],"replies":[{"embeddable":true,"href":"https:\/\/agora.xtec.cat\/ceipsab\/wp-json\/wp\/v2\/comments?post=8046"}],"version-history":[{"count":1,"href":"https:\/\/agora.xtec.cat\/ceipsab\/wp-json\/wp\/v2\/posts\/8046\/revisions"}],"predecessor-version":[{"id":8048,"href":"https:\/\/agora.xtec.cat\/ceipsab\/wp-json\/wp\/v2\/posts\/8046\/revisions\/8048"}],"wp:featuredmedia":[{"embeddable":true,"href":"https:\/\/agora.xtec.cat\/ceipsab\/wp-json\/wp\/v2\/media\/8047"}],"wp:attachment":[{"href":"https:\/\/agora.xtec.cat\/ceipsab\/wp-json\/wp\/v2\/media?parent=8046"}],"wp:term":[{"taxonomy":"category","embeddable":true,"href":"https:\/\/agora.xtec.cat\/ceipsab\/wp-json\/wp\/v2\/categories?post=8046"},{"taxonomy":"post_tag","embeddable":true,"href":"https:\/\/agora.xtec.cat\/ceipsab\/wp-json\/wp\/v2\/tags?post=8046"}],"curies":[{"name":"wp","href":"https:\/\/api.w.org\/{rel}","templated":true}]}}