{"id":8036,"date":"2021-06-21T23:49:51","date_gmt":"2021-06-21T21:49:51","guid":{"rendered":"http:\/\/agora.xtec.cat\/ceipsab\/?p=8036"},"modified":"2021-06-22T14:08:01","modified_gmt":"2021-06-22T12:08:01","slug":"fotos-orla-p5","status":"publish","type":"post","link":"https:\/\/agora.xtec.cat\/ceipsab\/educacio-infantil\/p5\/general\/fotos-orla-p5\/","title":{"rendered":"FOTOS ORLA P5"},"content":{"rendered":"<p><span style=\"font-weight: 400;\">Hola, fam\u00edlies!<\/span><\/p>\n<p><span style=\"font-weight: 400;\">Ja fem P5, aquest \u00e9s el nostre \u00faltim curs a infantil per aix\u00f2, hem fet una orla i aqu\u00ed teniu les fotos que hem fet servir tant les individuals com la de grup. Com sempre sortim guap\u00edssims i guap\u00edssimes!<\/span><\/p>\n<p>P5A<\/p>\n<p><a href=\"https:\/\/photos.app.goo.gl\/M4uuo2xrYMicfPtS8\"><img loading=\"lazy\" decoding=\"async\" class=\"alignnone size-medium wp-image-8037\" src=\"https:\/\/agora.xtec.cat\/ceipsab\/wp-content\/uploads\/usu1011\/2021\/06\/P5A-300x152.jpg\" alt=\"\" width=\"300\" height=\"152\" srcset=\"https:\/\/agora.xtec.cat\/ceipsab\/wp-content\/uploads\/usu1011\/2021\/06\/P5A-300x152.jpg 300w, https:\/\/agora.xtec.cat\/ceipsab\/wp-content\/uploads\/usu1011\/2021\/06\/P5A-768x388.jpg 768w, https:\/\/agora.xtec.cat\/ceipsab\/wp-content\/uploads\/usu1011\/2021\/06\/P5A-1024x517.jpg 1024w, https:\/\/agora.xtec.cat\/ceipsab\/wp-content\/uploads\/usu1011\/2021\/06\/P5A.jpg 1338w\" sizes=\"auto, (max-width: 300px) 100vw, 300px\" \/><\/a><\/p>\n<p>P5B<\/p>\n<p><a href=\"https:\/\/photos.app.goo.gl\/EEaXr2mVLCPt5H5g9\"><img loading=\"lazy\" decoding=\"async\" class=\"alignnone size-medium wp-image-8038\" src=\"https:\/\/agora.xtec.cat\/ceipsab\/wp-content\/uploads\/usu1011\/2021\/06\/P5B-300x172.jpg\" alt=\"\" width=\"300\" height=\"172\" srcset=\"https:\/\/agora.xtec.cat\/ceipsab\/wp-content\/uploads\/usu1011\/2021\/06\/P5B-300x172.jpg 300w, https:\/\/agora.xtec.cat\/ceipsab\/wp-content\/uploads\/usu1011\/2021\/06\/P5B-768x440.jpg 768w, https:\/\/agora.xtec.cat\/ceipsab\/wp-content\/uploads\/usu1011\/2021\/06\/P5B-1024x587.jpg 1024w, https:\/\/agora.xtec.cat\/ceipsab\/wp-content\/uploads\/usu1011\/2021\/06\/P5B.jpg 1387w\" sizes=\"auto, (max-width: 300px) 100vw, 300px\" \/><\/a><\/p>\n","protected":false},"excerpt":{"rendered":"<p>Hola, fam\u00edlies!<br \/>\nJa fem P5, aquest \u00e9s el nostre \u00faltim curs a infantil per aix\u00f2, hem fet una orla i aqu\u00ed teniu les fotos que hem fet servir tant les individuals com la de grup. Com sempre sortim guap\u00edssims i guap\u00edssimes!<br \/>\nP5A<br \/>\n<a href=\"https:\/\/photos.app.goo.gl\/M4uuo2xrYMicfPtS8\"><\/a><br \/>\nP5B<br \/>\n<a href=\"https:\/\/photos.app.goo.gl\/EEaXr2mVLCPt5H5g9\"><\/a><\/p>\n","protected":false},"author":7,"featured_media":8039,"comment_status":"open","ping_status":"closed","sticky":false,"template":"","format":"standard","meta":{"_bbp_topic_count":0,"_bbp_reply_count":0,"_bbp_total_topic_count":0,"_bbp_total_reply_count":0,"_bbp_voice_count":0,"_bbp_anonymous_reply_count":0,"_bbp_topic_count_hidden":0,"_bbp_reply_count_hidden":0,"_bbp_forum_subforum_count":0,"footnotes":""},"categories":[62,1,9,4],"tags":[335,226],"class_list":["post-8036","post","type-post","status-publish","format-standard","has-post-thumbnail","hentry","category-educacio-infantil","category-general","category-p5","category-portada","tag-orla","tag-p5"],"post_mailing_queue_ids":[],"_links":{"self":[{"href":"https:\/\/agora.xtec.cat\/ceipsab\/wp-json\/wp\/v2\/posts\/8036","targetHints":{"allow":["GET"]}}],"collection":[{"href":"https:\/\/agora.xtec.cat\/ceipsab\/wp-json\/wp\/v2\/posts"}],"about":[{"href":"https:\/\/agora.xtec.cat\/ceipsab\/wp-json\/wp\/v2\/types\/post"}],"author":[{"embeddable":true,"href":"https:\/\/agora.xtec.cat\/ceipsab\/wp-json\/wp\/v2\/users\/7"}],"replies":[{"embeddable":true,"href":"https:\/\/agora.xtec.cat\/ceipsab\/wp-json\/wp\/v2\/comments?post=8036"}],"version-history":[{"count":1,"href":"https:\/\/agora.xtec.cat\/ceipsab\/wp-json\/wp\/v2\/posts\/8036\/revisions"}],"predecessor-version":[{"id":8040,"href":"https:\/\/agora.xtec.cat\/ceipsab\/wp-json\/wp\/v2\/posts\/8036\/revisions\/8040"}],"wp:featuredmedia":[{"embeddable":true,"href":"https:\/\/agora.xtec.cat\/ceipsab\/wp-json\/wp\/v2\/media\/8039"}],"wp:attachment":[{"href":"https:\/\/agora.xtec.cat\/ceipsab\/wp-json\/wp\/v2\/media?parent=8036"}],"wp:term":[{"taxonomy":"category","embeddable":true,"href":"https:\/\/agora.xtec.cat\/ceipsab\/wp-json\/wp\/v2\/categories?post=8036"},{"taxonomy":"post_tag","embeddable":true,"href":"https:\/\/agora.xtec.cat\/ceipsab\/wp-json\/wp\/v2\/tags?post=8036"}],"curies":[{"name":"wp","href":"https:\/\/api.w.org\/{rel}","templated":true}]}}