{"id":8032,"date":"2021-06-21T23:44:32","date_gmt":"2021-06-21T21:44:32","guid":{"rendered":"http:\/\/agora.xtec.cat\/ceipsab\/?p=8032"},"modified":"2021-06-21T23:44:32","modified_gmt":"2021-06-21T21:44:32","slug":"tapes-final-de-curs-p5","status":"publish","type":"post","link":"https:\/\/agora.xtec.cat\/ceipsab\/educacio-infantil\/p5\/tapes-final-de-curs-p5\/","title":{"rendered":"TAPES FINAL DE CURS P5"},"content":{"rendered":"<p><span style=\"font-weight: 400;\">Aquest \u00faltim trimestre en fet diferents tapes molt maques aqu\u00ed teniu com les hem fet i tamb\u00e9 les fotos que hem fet servir.<\/span><\/p>\n<p>CREACI\u00d3<\/p>\n<p><a href=\"https:\/\/photos.app.goo.gl\/gUpkBAwBcH5wqnPG9\"><img loading=\"lazy\" decoding=\"async\" class=\"alignnone size-medium wp-image-8033\" src=\"https:\/\/agora.xtec.cat\/ceipsab\/wp-content\/uploads\/usu1011\/2021\/06\/TAPES-300x268.jpg\" alt=\"\" width=\"300\" height=\"268\" srcset=\"https:\/\/agora.xtec.cat\/ceipsab\/wp-content\/uploads\/usu1011\/2021\/06\/TAPES-300x268.jpg 300w, https:\/\/agora.xtec.cat\/ceipsab\/wp-content\/uploads\/usu1011\/2021\/06\/TAPES.jpg 310w\" sizes=\"auto, (max-width: 300px) 100vw, 300px\" \/><\/a><\/p>\n<p>FOTOS TAPA \u00c0LBUM<\/p>\n<p><a href=\"https:\/\/photos.app.goo.gl\/SZWTMwrSUJ6CSWhv9\"><img loading=\"lazy\" decoding=\"async\" class=\"alignnone size-medium wp-image-8034\" src=\"https:\/\/agora.xtec.cat\/ceipsab\/wp-content\/uploads\/usu1011\/2021\/06\/TPATAP-300x85.jpg\" alt=\"\" width=\"300\" height=\"85\" srcset=\"https:\/\/agora.xtec.cat\/ceipsab\/wp-content\/uploads\/usu1011\/2021\/06\/TPATAP-300x85.jpg 300w, https:\/\/agora.xtec.cat\/ceipsab\/wp-content\/uploads\/usu1011\/2021\/06\/TPATAP-768x217.jpg 768w, https:\/\/agora.xtec.cat\/ceipsab\/wp-content\/uploads\/usu1011\/2021\/06\/TPATAP-1024x289.jpg 1024w, https:\/\/agora.xtec.cat\/ceipsab\/wp-content\/uploads\/usu1011\/2021\/06\/TPATAP.jpg 1827w\" sizes=\"auto, (max-width: 300px) 100vw, 300px\" \/><\/a><\/p>\n<p>&nbsp;<\/p>\n<p>&nbsp;<\/p>\n<p>&nbsp;<\/p>\n<p>&nbsp;<\/p>\n","protected":false},"excerpt":{"rendered":"<p>Aquest \u00faltim trimestre en fet diferents tapes molt maques aqu\u00ed teniu com les hem fet i tamb\u00e9 les fotos que hem fet servir.<br \/>\nCREACI\u00d3<br \/>\n<a href=\"https:\/\/photos.app.goo.gl\/gUpkBAwBcH5wqnPG9\"><\/a><br \/>\nFOTOS TAPA \u00c0LBUM<br \/>\n<a href=\"https:\/\/photos.app.goo.gl\/SZWTMwrSUJ6CSWhv9\"><\/a><br \/>\n&nbsp;<br \/>\n&nbsp;<br \/>\n&nbsp;<br \/>\n&nbsp;<\/p>\n","protected":false},"author":7,"featured_media":8033,"comment_status":"open","ping_status":"closed","sticky":false,"template":"","format":"standard","meta":{"_bbp_topic_count":0,"_bbp_reply_count":0,"_bbp_total_topic_count":0,"_bbp_total_reply_count":0,"_bbp_voice_count":0,"_bbp_anonymous_reply_count":0,"_bbp_topic_count_hidden":0,"_bbp_reply_count_hidden":0,"_bbp_forum_subforum_count":0,"footnotes":""},"categories":[62,9],"tags":[226,17],"class_list":["post-8032","post","type-post","status-publish","format-standard","has-post-thumbnail","hentry","category-educacio-infantil","category-p5","tag-p5","tag-plastica"],"post_mailing_queue_ids":[],"_links":{"self":[{"href":"https:\/\/agora.xtec.cat\/ceipsab\/wp-json\/wp\/v2\/posts\/8032","targetHints":{"allow":["GET"]}}],"collection":[{"href":"https:\/\/agora.xtec.cat\/ceipsab\/wp-json\/wp\/v2\/posts"}],"about":[{"href":"https:\/\/agora.xtec.cat\/ceipsab\/wp-json\/wp\/v2\/types\/post"}],"author":[{"embeddable":true,"href":"https:\/\/agora.xtec.cat\/ceipsab\/wp-json\/wp\/v2\/users\/7"}],"replies":[{"embeddable":true,"href":"https:\/\/agora.xtec.cat\/ceipsab\/wp-json\/wp\/v2\/comments?post=8032"}],"version-history":[{"count":1,"href":"https:\/\/agora.xtec.cat\/ceipsab\/wp-json\/wp\/v2\/posts\/8032\/revisions"}],"predecessor-version":[{"id":8035,"href":"https:\/\/agora.xtec.cat\/ceipsab\/wp-json\/wp\/v2\/posts\/8032\/revisions\/8035"}],"wp:featuredmedia":[{"embeddable":true,"href":"https:\/\/agora.xtec.cat\/ceipsab\/wp-json\/wp\/v2\/media\/8033"}],"wp:attachment":[{"href":"https:\/\/agora.xtec.cat\/ceipsab\/wp-json\/wp\/v2\/media?parent=8032"}],"wp:term":[{"taxonomy":"category","embeddable":true,"href":"https:\/\/agora.xtec.cat\/ceipsab\/wp-json\/wp\/v2\/categories?post=8032"},{"taxonomy":"post_tag","embeddable":true,"href":"https:\/\/agora.xtec.cat\/ceipsab\/wp-json\/wp\/v2\/tags?post=8032"}],"curies":[{"name":"wp","href":"https:\/\/api.w.org\/{rel}","templated":true}]}}