{"id":8026,"date":"2021-06-21T23:31:07","date_gmt":"2021-06-21T21:31:07","guid":{"rendered":"http:\/\/agora.xtec.cat\/ceipsab\/?p=8026"},"modified":"2021-06-21T23:31:07","modified_gmt":"2021-06-21T21:31:07","slug":"fem-figures-geometriques","status":"publish","type":"post","link":"https:\/\/agora.xtec.cat\/ceipsab\/educacio-infantil\/p5\/fem-figures-geometriques\/","title":{"rendered":"FEM FIGURES GEOM\u00c8TRIQUES"},"content":{"rendered":"<p><span style=\"font-weight: 400;\">La Geo, ens ha proposat observar i investigar les diferents figures geom\u00e8triques que coneixem. Primer hem fet agrupacions i despr\u00e9s hem constru\u00eft diferents formes amb els geoplans. Un altre dia tamb\u00e9 hem constru\u00eft les formes fent nosaltres mateixos de v\u00e8rtexs, puntes i els costats amb cordes.<\/span><\/p>\n<p><a href=\"https:\/\/photos.app.goo.gl\/qum3yegTC94q2pJN8\"><img loading=\"lazy\" decoding=\"async\" class=\"alignnone size-medium wp-image-8027\" src=\"https:\/\/agora.xtec.cat\/ceipsab\/wp-content\/uploads\/usu1011\/2021\/06\/FORMES-277x300.jpg\" alt=\"\" width=\"277\" height=\"300\" srcset=\"https:\/\/agora.xtec.cat\/ceipsab\/wp-content\/uploads\/usu1011\/2021\/06\/FORMES-277x300.jpg 277w, https:\/\/agora.xtec.cat\/ceipsab\/wp-content\/uploads\/usu1011\/2021\/06\/FORMES.jpg 357w\" sizes=\"auto, (max-width: 277px) 100vw, 277px\" \/><\/a><\/p>\n","protected":false},"excerpt":{"rendered":"<p>La Geo, ens ha proposat observar i investigar les diferents figures geom\u00e8triques que coneixem. Primer hem fet agrupacions i despr\u00e9s hem constru\u00eft diferents formes amb els geoplans. Un altre dia tamb\u00e9 hem constru\u00eft les formes fent nosaltres mateixos de v\u00e8rtexs, puntes i els costats amb&hellip;  <a href=\"https:\/\/agora.xtec.cat\/ceipsab\/educacio-infantil\/p5\/fem-figures-geometriques\/\" title=\"Read FEM FIGURES GEOM\u00c8TRIQUES\">Llegeix m\u00e9s\u00bb<\/a><\/p>\n","protected":false},"author":7,"featured_media":8027,"comment_status":"open","ping_status":"closed","sticky":false,"template":"","format":"standard","meta":{"_bbp_topic_count":0,"_bbp_reply_count":0,"_bbp_total_topic_count":0,"_bbp_total_reply_count":0,"_bbp_voice_count":0,"_bbp_anonymous_reply_count":0,"_bbp_topic_count_hidden":0,"_bbp_reply_count_hidden":0,"_bbp_forum_subforum_count":0,"footnotes":""},"categories":[62,9],"tags":[256,119,226,332],"class_list":["post-8026","post","type-post","status-publish","format-standard","has-post-thumbnail","hentry","category-educacio-infantil","category-p5","tag-crics","tag-matematiques","tag-p5","tag-tallers-matematics"],"post_mailing_queue_ids":[],"_links":{"self":[{"href":"https:\/\/agora.xtec.cat\/ceipsab\/wp-json\/wp\/v2\/posts\/8026","targetHints":{"allow":["GET"]}}],"collection":[{"href":"https:\/\/agora.xtec.cat\/ceipsab\/wp-json\/wp\/v2\/posts"}],"about":[{"href":"https:\/\/agora.xtec.cat\/ceipsab\/wp-json\/wp\/v2\/types\/post"}],"author":[{"embeddable":true,"href":"https:\/\/agora.xtec.cat\/ceipsab\/wp-json\/wp\/v2\/users\/7"}],"replies":[{"embeddable":true,"href":"https:\/\/agora.xtec.cat\/ceipsab\/wp-json\/wp\/v2\/comments?post=8026"}],"version-history":[{"count":1,"href":"https:\/\/agora.xtec.cat\/ceipsab\/wp-json\/wp\/v2\/posts\/8026\/revisions"}],"predecessor-version":[{"id":8028,"href":"https:\/\/agora.xtec.cat\/ceipsab\/wp-json\/wp\/v2\/posts\/8026\/revisions\/8028"}],"wp:featuredmedia":[{"embeddable":true,"href":"https:\/\/agora.xtec.cat\/ceipsab\/wp-json\/wp\/v2\/media\/8027"}],"wp:attachment":[{"href":"https:\/\/agora.xtec.cat\/ceipsab\/wp-json\/wp\/v2\/media?parent=8026"}],"wp:term":[{"taxonomy":"category","embeddable":true,"href":"https:\/\/agora.xtec.cat\/ceipsab\/wp-json\/wp\/v2\/categories?post=8026"},{"taxonomy":"post_tag","embeddable":true,"href":"https:\/\/agora.xtec.cat\/ceipsab\/wp-json\/wp\/v2\/tags?post=8026"}],"curies":[{"name":"wp","href":"https:\/\/api.w.org\/{rel}","templated":true}]}}