{"id":8023,"date":"2021-06-21T23:17:26","date_gmt":"2021-06-21T21:17:26","guid":{"rendered":"http:\/\/agora.xtec.cat\/ceipsab\/?p=8023"},"modified":"2021-06-21T23:17:26","modified_gmt":"2021-06-21T21:17:26","slug":"infadimed-i-el-capita-vitamina","status":"publish","type":"post","link":"https:\/\/agora.xtec.cat\/ceipsab\/educacio-infantil\/p5\/infadimed-i-el-capita-vitamina\/","title":{"rendered":"INFADIMED I EL CAPIT\u00c0 VITAMINA"},"content":{"rendered":"<p><span style=\"font-weight: 400;\">Aquests dies la Clara, la infermera ha vingut a visitar-nos per recordar-nos amb el programa Infadimed\u00a0 i el Capit\u00e0 Vitamina: i la import\u00e0ncia de tindre h\u00e0bits saludables tant d&#8217;higiene com d\u2019alimentaci\u00f3.<\/span><\/p>\n<p><a href=\"https:\/\/photos.app.goo.gl\/x4XYRWSktk68mN5E8\"><img loading=\"lazy\" decoding=\"async\" class=\"alignnone size-medium wp-image-8024\" src=\"https:\/\/agora.xtec.cat\/ceipsab\/wp-content\/uploads\/usu1011\/2021\/06\/INFA-278x300.jpg\" alt=\"\" width=\"278\" height=\"300\" srcset=\"https:\/\/agora.xtec.cat\/ceipsab\/wp-content\/uploads\/usu1011\/2021\/06\/INFA-278x300.jpg 278w, https:\/\/agora.xtec.cat\/ceipsab\/wp-content\/uploads\/usu1011\/2021\/06\/INFA.jpg 454w\" sizes=\"auto, (max-width: 278px) 100vw, 278px\" \/><\/a><\/p>\n","protected":false},"excerpt":{"rendered":"<p>Aquests dies la Clara, la infermera ha vingut a visitar-nos per recordar-nos amb el programa Infadimed\u00a0 i el Capit\u00e0 Vitamina: i la import\u00e0ncia de tindre h\u00e0bits saludables tant d&#8217;higiene com d\u2019alimentaci\u00f3.<br \/>\n<a href=\"https:\/\/photos.app.goo.gl\/x4XYRWSktk68mN5E8\"><\/a><\/p>\n","protected":false},"author":7,"featured_media":8024,"comment_status":"open","ping_status":"closed","sticky":false,"template":"","format":"standard","meta":{"_bbp_topic_count":0,"_bbp_reply_count":0,"_bbp_total_topic_count":0,"_bbp_total_reply_count":0,"_bbp_voice_count":0,"_bbp_anonymous_reply_count":0,"_bbp_topic_count_hidden":0,"_bbp_reply_count_hidden":0,"_bbp_forum_subforum_count":0,"footnotes":""},"categories":[62,9],"tags":[334,333,226],"class_list":["post-8023","post","type-post","status-publish","format-standard","has-post-thumbnail","hentry","category-educacio-infantil","category-p5","tag-habits-saludables","tag-infadimed","tag-p5"],"post_mailing_queue_ids":[],"_links":{"self":[{"href":"https:\/\/agora.xtec.cat\/ceipsab\/wp-json\/wp\/v2\/posts\/8023","targetHints":{"allow":["GET"]}}],"collection":[{"href":"https:\/\/agora.xtec.cat\/ceipsab\/wp-json\/wp\/v2\/posts"}],"about":[{"href":"https:\/\/agora.xtec.cat\/ceipsab\/wp-json\/wp\/v2\/types\/post"}],"author":[{"embeddable":true,"href":"https:\/\/agora.xtec.cat\/ceipsab\/wp-json\/wp\/v2\/users\/7"}],"replies":[{"embeddable":true,"href":"https:\/\/agora.xtec.cat\/ceipsab\/wp-json\/wp\/v2\/comments?post=8023"}],"version-history":[{"count":1,"href":"https:\/\/agora.xtec.cat\/ceipsab\/wp-json\/wp\/v2\/posts\/8023\/revisions"}],"predecessor-version":[{"id":8025,"href":"https:\/\/agora.xtec.cat\/ceipsab\/wp-json\/wp\/v2\/posts\/8023\/revisions\/8025"}],"wp:featuredmedia":[{"embeddable":true,"href":"https:\/\/agora.xtec.cat\/ceipsab\/wp-json\/wp\/v2\/media\/8024"}],"wp:attachment":[{"href":"https:\/\/agora.xtec.cat\/ceipsab\/wp-json\/wp\/v2\/media?parent=8023"}],"wp:term":[{"taxonomy":"category","embeddable":true,"href":"https:\/\/agora.xtec.cat\/ceipsab\/wp-json\/wp\/v2\/categories?post=8023"},{"taxonomy":"post_tag","embeddable":true,"href":"https:\/\/agora.xtec.cat\/ceipsab\/wp-json\/wp\/v2\/tags?post=8023"}],"curies":[{"name":"wp","href":"https:\/\/api.w.org\/{rel}","templated":true}]}}