{"id":7953,"date":"2021-06-21T15:05:40","date_gmt":"2021-06-21T13:05:40","guid":{"rendered":"http:\/\/agora.xtec.cat\/ceipsab\/?p=7953"},"modified":"2021-06-21T15:05:40","modified_gmt":"2021-06-21T13:05:40","slug":"projecte-conills-grafic-de-barres-del-pes","status":"publish","type":"post","link":"https:\/\/agora.xtec.cat\/ceipsab\/educacio-infantil\/p5\/projecte-conills-grafic-de-barres-del-pes\/","title":{"rendered":"PROJECTE CONILLS: GR\u00c0FIC DE BARRES DEL PES"},"content":{"rendered":"<p><span style=\"font-weight: 400;\">Aprofitant que ens han portat conills a l&#8217;escola els hem pesat. Per\u00f2 ens ha sortit el dubte si nosaltres pesem m\u00e9s o menys que el conill? I quin \u00e9s el nostre pes realment? Qui pesa m\u00e9s de la classe? I qui menys? Aix\u00ed que ens hem fet servir la b\u00e0scula i hem investigat el nostre pes. I al final he fet un gr\u00e0fic de barres per recollir aquesta informaci\u00f3 com fan els cient\u00edfics.<\/span><\/p>\n<p><a href=\"https:\/\/photos.app.goo.gl\/Lz6NRWzHpgQXxZ7P9\"><img loading=\"lazy\" decoding=\"async\" class=\"alignnone size-medium wp-image-7954\" src=\"https:\/\/agora.xtec.cat\/ceipsab\/wp-content\/uploads\/usu1011\/2021\/06\/GRAFIC-193x300.png\" alt=\"\" width=\"193\" height=\"300\" srcset=\"https:\/\/agora.xtec.cat\/ceipsab\/wp-content\/uploads\/usu1011\/2021\/06\/GRAFIC-193x300.png 193w, https:\/\/agora.xtec.cat\/ceipsab\/wp-content\/uploads\/usu1011\/2021\/06\/GRAFIC.png 469w\" sizes=\"auto, (max-width: 193px) 100vw, 193px\" \/><\/a><\/p>\n","protected":false},"excerpt":{"rendered":"<p>Aprofitant que ens han portat conills a l&#8217;escola els hem pesat. Per\u00f2 ens ha sortit el dubte si nosaltres pesem m\u00e9s o menys que el conill? I quin \u00e9s el nostre pes realment? Qui pesa m\u00e9s de la classe? I qui menys? Aix\u00ed que ens&hellip;  <a href=\"https:\/\/agora.xtec.cat\/ceipsab\/educacio-infantil\/p5\/projecte-conills-grafic-de-barres-del-pes\/\" title=\"Read PROJECTE CONILLS: GR\u00c0FIC DE BARRES DEL PES\">Llegeix m\u00e9s\u00bb<\/a><\/p>\n","protected":false},"author":7,"featured_media":7954,"comment_status":"open","ping_status":"closed","sticky":false,"template":"","format":"standard","meta":{"_bbp_topic_count":0,"_bbp_reply_count":0,"_bbp_total_topic_count":0,"_bbp_total_reply_count":0,"_bbp_voice_count":0,"_bbp_anonymous_reply_count":0,"_bbp_topic_count_hidden":0,"_bbp_reply_count_hidden":0,"_bbp_forum_subforum_count":0,"footnotes":""},"categories":[62,9],"tags":[245,116,226,130],"class_list":["post-7953","post","type-post","status-publish","format-standard","has-post-thumbnail","hentry","category-educacio-infantil","category-p5","tag-conills","tag-experimentacio","tag-p5","tag-projecte"],"post_mailing_queue_ids":[],"_links":{"self":[{"href":"https:\/\/agora.xtec.cat\/ceipsab\/wp-json\/wp\/v2\/posts\/7953","targetHints":{"allow":["GET"]}}],"collection":[{"href":"https:\/\/agora.xtec.cat\/ceipsab\/wp-json\/wp\/v2\/posts"}],"about":[{"href":"https:\/\/agora.xtec.cat\/ceipsab\/wp-json\/wp\/v2\/types\/post"}],"author":[{"embeddable":true,"href":"https:\/\/agora.xtec.cat\/ceipsab\/wp-json\/wp\/v2\/users\/7"}],"replies":[{"embeddable":true,"href":"https:\/\/agora.xtec.cat\/ceipsab\/wp-json\/wp\/v2\/comments?post=7953"}],"version-history":[{"count":1,"href":"https:\/\/agora.xtec.cat\/ceipsab\/wp-json\/wp\/v2\/posts\/7953\/revisions"}],"predecessor-version":[{"id":7955,"href":"https:\/\/agora.xtec.cat\/ceipsab\/wp-json\/wp\/v2\/posts\/7953\/revisions\/7955"}],"wp:featuredmedia":[{"embeddable":true,"href":"https:\/\/agora.xtec.cat\/ceipsab\/wp-json\/wp\/v2\/media\/7954"}],"wp:attachment":[{"href":"https:\/\/agora.xtec.cat\/ceipsab\/wp-json\/wp\/v2\/media?parent=7953"}],"wp:term":[{"taxonomy":"category","embeddable":true,"href":"https:\/\/agora.xtec.cat\/ceipsab\/wp-json\/wp\/v2\/categories?post=7953"},{"taxonomy":"post_tag","embeddable":true,"href":"https:\/\/agora.xtec.cat\/ceipsab\/wp-json\/wp\/v2\/tags?post=7953"}],"curies":[{"name":"wp","href":"https:\/\/api.w.org\/{rel}","templated":true}]}}