{"id":7950,"date":"2021-06-21T15:00:02","date_gmt":"2021-06-21T13:00:02","guid":{"rendered":"http:\/\/agora.xtec.cat\/ceipsab\/?p=7950"},"modified":"2021-06-21T15:00:02","modified_gmt":"2021-06-21T13:00:02","slug":"projecte-conills-que-pesa-mes-o-menys-que-un-conill","status":"publish","type":"post","link":"https:\/\/agora.xtec.cat\/ceipsab\/educacio-infantil\/p5\/projecte-conills-que-pesa-mes-o-menys-que-un-conill\/","title":{"rendered":"PROJECTE CONILLS: QUE PESA M\u00c9S O MENYS QUE UN CONILL?"},"content":{"rendered":"<p><span style=\"font-weight: 400;\">Aprofitant que tenim la b\u00e0scula encara a la classe despr\u00e9s de pesar als conills. Hem estat investigant quines coses pesen m\u00e9s o menys que un conill, quines coses pesen m\u00e9s d&#8217;un quilo o menys\u2026 I nosaltres quan pesem?<\/span><\/p>\n<p><a href=\"https:\/\/photos.app.goo.gl\/wtA2SgSzbSfBuumZ8\"><img loading=\"lazy\" decoding=\"async\" class=\"alignnone size-medium wp-image-7951\" src=\"https:\/\/agora.xtec.cat\/ceipsab\/wp-content\/uploads\/usu1011\/2021\/06\/PES-300x201.png\" alt=\"\" width=\"300\" height=\"201\" srcset=\"https:\/\/agora.xtec.cat\/ceipsab\/wp-content\/uploads\/usu1011\/2021\/06\/PES-300x201.png 300w, https:\/\/agora.xtec.cat\/ceipsab\/wp-content\/uploads\/usu1011\/2021\/06\/PES.png 315w\" sizes=\"auto, (max-width: 300px) 100vw, 300px\" \/><\/a><\/p>\n","protected":false},"excerpt":{"rendered":"<p>Aprofitant que tenim la b\u00e0scula encara a la classe despr\u00e9s de pesar als conills. Hem estat investigant quines coses pesen m\u00e9s o menys que un conill, quines coses pesen m\u00e9s d&#8217;un quilo o menys\u2026 I nosaltres quan pesem?<br \/>\n<a href=\"https:\/\/photos.app.goo.gl\/wtA2SgSzbSfBuumZ8\"><\/a><\/p>\n","protected":false},"author":7,"featured_media":7951,"comment_status":"open","ping_status":"closed","sticky":false,"template":"","format":"standard","meta":{"_bbp_topic_count":0,"_bbp_reply_count":0,"_bbp_total_topic_count":0,"_bbp_total_reply_count":0,"_bbp_voice_count":0,"_bbp_anonymous_reply_count":0,"_bbp_topic_count_hidden":0,"_bbp_reply_count_hidden":0,"_bbp_forum_subforum_count":0,"footnotes":""},"categories":[62,9],"tags":[245,116,226,130],"class_list":["post-7950","post","type-post","status-publish","format-standard","has-post-thumbnail","hentry","category-educacio-infantil","category-p5","tag-conills","tag-experimentacio","tag-p5","tag-projecte"],"post_mailing_queue_ids":[],"_links":{"self":[{"href":"https:\/\/agora.xtec.cat\/ceipsab\/wp-json\/wp\/v2\/posts\/7950","targetHints":{"allow":["GET"]}}],"collection":[{"href":"https:\/\/agora.xtec.cat\/ceipsab\/wp-json\/wp\/v2\/posts"}],"about":[{"href":"https:\/\/agora.xtec.cat\/ceipsab\/wp-json\/wp\/v2\/types\/post"}],"author":[{"embeddable":true,"href":"https:\/\/agora.xtec.cat\/ceipsab\/wp-json\/wp\/v2\/users\/7"}],"replies":[{"embeddable":true,"href":"https:\/\/agora.xtec.cat\/ceipsab\/wp-json\/wp\/v2\/comments?post=7950"}],"version-history":[{"count":1,"href":"https:\/\/agora.xtec.cat\/ceipsab\/wp-json\/wp\/v2\/posts\/7950\/revisions"}],"predecessor-version":[{"id":7952,"href":"https:\/\/agora.xtec.cat\/ceipsab\/wp-json\/wp\/v2\/posts\/7950\/revisions\/7952"}],"wp:featuredmedia":[{"embeddable":true,"href":"https:\/\/agora.xtec.cat\/ceipsab\/wp-json\/wp\/v2\/media\/7951"}],"wp:attachment":[{"href":"https:\/\/agora.xtec.cat\/ceipsab\/wp-json\/wp\/v2\/media?parent=7950"}],"wp:term":[{"taxonomy":"category","embeddable":true,"href":"https:\/\/agora.xtec.cat\/ceipsab\/wp-json\/wp\/v2\/categories?post=7950"},{"taxonomy":"post_tag","embeddable":true,"href":"https:\/\/agora.xtec.cat\/ceipsab\/wp-json\/wp\/v2\/tags?post=7950"}],"curies":[{"name":"wp","href":"https:\/\/api.w.org\/{rel}","templated":true}]}}