{"id":7944,"date":"2021-06-21T14:52:24","date_gmt":"2021-06-21T12:52:24","guid":{"rendered":"http:\/\/agora.xtec.cat\/ceipsab\/?p=7944"},"modified":"2021-06-21T14:52:24","modified_gmt":"2021-06-21T12:52:24","slug":"projecte-conills-informacio","status":"publish","type":"post","link":"https:\/\/agora.xtec.cat\/ceipsab\/educacio-infantil\/p5\/general\/projecte-conills-informacio\/","title":{"rendered":"PROJECTE CONILLS INFORMACI\u00d3"},"content":{"rendered":"<p><span style=\"font-weight: 400;\">Hola fam\u00edlies!<\/span><\/p>\n<p><span style=\"font-weight: 400;\">Com ja sabeu, els infants de P5 hem estat treballant el projecte del nom de la classe. Per aix\u00f2, la classe dels conills durant tot aquest curs vam buscar informaci\u00f3 sobre el nom de la classe. Quan vam fer un recull de tota aquesta informaci\u00f3, ho vam portar a l\u2019escola i li vam ensenyar i explicar als nostres companys i companyes. Hem apr\u00e8s molt\u00edssim!<\/span><\/p>\n<p><span style=\"font-weight: 400;\">Ens voleu veure?<\/span><\/p>\n<p><a href=\"https:\/\/photos.app.goo.gl\/6jMRNaJuoAXa7dU36\"><img loading=\"lazy\" decoding=\"async\" class=\"alignnone size-medium wp-image-7945\" src=\"https:\/\/agora.xtec.cat\/ceipsab\/wp-content\/uploads\/usu1011\/2021\/06\/conills22-300x203.jpg\" alt=\"\" width=\"300\" height=\"203\" srcset=\"https:\/\/agora.xtec.cat\/ceipsab\/wp-content\/uploads\/usu1011\/2021\/06\/conills22-300x203.jpg 300w, https:\/\/agora.xtec.cat\/ceipsab\/wp-content\/uploads\/usu1011\/2021\/06\/conills22-768x518.jpg 768w, https:\/\/agora.xtec.cat\/ceipsab\/wp-content\/uploads\/usu1011\/2021\/06\/conills22.jpg 1000w\" sizes=\"auto, (max-width: 300px) 100vw, 300px\" \/><\/a><\/p>\n<p>&nbsp;<\/p>\n<p>&nbsp;<\/p>\n","protected":false},"excerpt":{"rendered":"<p>Hola fam\u00edlies!<br \/>\nCom ja sabeu, els infants de P5 hem estat treballant el projecte del nom de la classe. Per aix\u00f2, la classe dels conills durant tot aquest curs vam buscar informaci\u00f3 sobre el nom de la classe. Quan vam fer un recull de tota aquesta&hellip;  <a href=\"https:\/\/agora.xtec.cat\/ceipsab\/educacio-infantil\/p5\/general\/projecte-conills-informacio\/\" title=\"Read PROJECTE CONILLS INFORMACI\u00d3\">Llegeix m\u00e9s\u00bb<\/a><\/p>\n","protected":false},"author":7,"featured_media":7945,"comment_status":"open","ping_status":"closed","sticky":false,"template":"","format":"standard","meta":{"_bbp_topic_count":0,"_bbp_reply_count":0,"_bbp_total_topic_count":0,"_bbp_total_reply_count":0,"_bbp_voice_count":0,"_bbp_anonymous_reply_count":0,"_bbp_topic_count_hidden":0,"_bbp_reply_count_hidden":0,"_bbp_forum_subforum_count":0,"footnotes":""},"categories":[62,1,9],"tags":[245,226,130],"class_list":["post-7944","post","type-post","status-publish","format-standard","has-post-thumbnail","hentry","category-educacio-infantil","category-general","category-p5","tag-conills","tag-p5","tag-projecte"],"post_mailing_queue_ids":[],"_links":{"self":[{"href":"https:\/\/agora.xtec.cat\/ceipsab\/wp-json\/wp\/v2\/posts\/7944","targetHints":{"allow":["GET"]}}],"collection":[{"href":"https:\/\/agora.xtec.cat\/ceipsab\/wp-json\/wp\/v2\/posts"}],"about":[{"href":"https:\/\/agora.xtec.cat\/ceipsab\/wp-json\/wp\/v2\/types\/post"}],"author":[{"embeddable":true,"href":"https:\/\/agora.xtec.cat\/ceipsab\/wp-json\/wp\/v2\/users\/7"}],"replies":[{"embeddable":true,"href":"https:\/\/agora.xtec.cat\/ceipsab\/wp-json\/wp\/v2\/comments?post=7944"}],"version-history":[{"count":1,"href":"https:\/\/agora.xtec.cat\/ceipsab\/wp-json\/wp\/v2\/posts\/7944\/revisions"}],"predecessor-version":[{"id":7946,"href":"https:\/\/agora.xtec.cat\/ceipsab\/wp-json\/wp\/v2\/posts\/7944\/revisions\/7946"}],"wp:featuredmedia":[{"embeddable":true,"href":"https:\/\/agora.xtec.cat\/ceipsab\/wp-json\/wp\/v2\/media\/7945"}],"wp:attachment":[{"href":"https:\/\/agora.xtec.cat\/ceipsab\/wp-json\/wp\/v2\/media?parent=7944"}],"wp:term":[{"taxonomy":"category","embeddable":true,"href":"https:\/\/agora.xtec.cat\/ceipsab\/wp-json\/wp\/v2\/categories?post=7944"},{"taxonomy":"post_tag","embeddable":true,"href":"https:\/\/agora.xtec.cat\/ceipsab\/wp-json\/wp\/v2\/tags?post=7944"}],"curies":[{"name":"wp","href":"https:\/\/api.w.org\/{rel}","templated":true}]}}