{"id":7936,"date":"2021-06-19T20:43:27","date_gmt":"2021-06-19T18:43:27","guid":{"rendered":"http:\/\/agora.xtec.cat\/ceipsab\/?p=7936"},"modified":"2021-06-19T20:43:27","modified_gmt":"2021-06-19T18:43:27","slug":"treballem-els-animals","status":"publish","type":"post","link":"https:\/\/agora.xtec.cat\/ceipsab\/primaria\/cicle-inicial\/1r\/treballem-els-animals\/","title":{"rendered":"TREBALLEM ELS ANIMALS"},"content":{"rendered":"<p>Durant aquest trimestre hem estat fent el projecte \u00abels animals\u00bb, primer vam estar parlant del que sab\u00edem i qu\u00e8 vol\u00edem saber sobre els animals. Despr\u00e9s entre tots vam escollir els animals que vol\u00edem treballar i cada grup va buscar informaci\u00f3 sobre ell i ho vam explicar als nostres companys. A part de treballar aix\u00f2 tamb\u00e9 hem vist moltes coses sobre ells, com neixen, que mengen, com es desplacen&#8230;i tamb\u00e9 hem treballat els animals que estan en perill d\u2019extinci\u00f3. Ens ha quedat molt clar que hem de cuidar el nostre planeta per a qu\u00e8 els animals puguin viure!<\/p>\n<p>Ha estat un projecte molt interessant!<\/p>\n<p><a href=\"https:\/\/photos.app.goo.gl\/DFMJmjDvkDmGDvDT9\"><img loading=\"lazy\" decoding=\"async\" class=\"aligncenter\" src=\"https:\/\/img.pixers.pics\/pho_wat(s3:700\/FO\/22\/08\/24\/52\/700_FO22082452_3763080f3a50c95592a77d744a196e9b.jpg,700,495,cms:2018\/10\/5bd1b6b8d04b8_220x50-watermark.png,over,480,445,jpg)\/vinilos-dibujos-animados-de-animales-salvajes.jpg.jpg\" alt=\"Vinilo Pixerstick Dibujos animados de animales salvajes \u2022 Pixers\u00ae - Vivimos  para cambiar\" width=\"327\" height=\"231\" \/><\/a><\/p>\n","protected":false},"excerpt":{"rendered":"<p>Durant aquest trimestre hem estat fent el projecte \u00abels animals\u00bb, primer vam estar parlant del que sab\u00edem i qu\u00e8 vol\u00edem saber sobre els animals. Despr\u00e9s entre tots vam escollir els animals que vol\u00edem treballar i cada grup va buscar informaci\u00f3 sobre ell i ho vam&hellip;  <a href=\"https:\/\/agora.xtec.cat\/ceipsab\/primaria\/cicle-inicial\/1r\/treballem-els-animals\/\" title=\"Read TREBALLEM ELS ANIMALS\">Llegeix m\u00e9s\u00bb<\/a><\/p>\n","protected":false},"author":14,"featured_media":0,"comment_status":"open","ping_status":"closed","sticky":false,"template":"","format":"standard","meta":{"_bbp_topic_count":0,"_bbp_reply_count":0,"_bbp_total_topic_count":0,"_bbp_total_reply_count":0,"_bbp_voice_count":0,"_bbp_anonymous_reply_count":0,"_bbp_topic_count_hidden":0,"_bbp_reply_count_hidden":0,"_bbp_forum_subforum_count":0,"footnotes":""},"categories":[10,63],"tags":[],"class_list":["post-7936","post","type-post","status-publish","format-standard","hentry","category-1r","category-cicle-inicial"],"post_mailing_queue_ids":[],"_links":{"self":[{"href":"https:\/\/agora.xtec.cat\/ceipsab\/wp-json\/wp\/v2\/posts\/7936","targetHints":{"allow":["GET"]}}],"collection":[{"href":"https:\/\/agora.xtec.cat\/ceipsab\/wp-json\/wp\/v2\/posts"}],"about":[{"href":"https:\/\/agora.xtec.cat\/ceipsab\/wp-json\/wp\/v2\/types\/post"}],"author":[{"embeddable":true,"href":"https:\/\/agora.xtec.cat\/ceipsab\/wp-json\/wp\/v2\/users\/14"}],"replies":[{"embeddable":true,"href":"https:\/\/agora.xtec.cat\/ceipsab\/wp-json\/wp\/v2\/comments?post=7936"}],"version-history":[{"count":2,"href":"https:\/\/agora.xtec.cat\/ceipsab\/wp-json\/wp\/v2\/posts\/7936\/revisions"}],"predecessor-version":[{"id":7938,"href":"https:\/\/agora.xtec.cat\/ceipsab\/wp-json\/wp\/v2\/posts\/7936\/revisions\/7938"}],"wp:attachment":[{"href":"https:\/\/agora.xtec.cat\/ceipsab\/wp-json\/wp\/v2\/media?parent=7936"}],"wp:term":[{"taxonomy":"category","embeddable":true,"href":"https:\/\/agora.xtec.cat\/ceipsab\/wp-json\/wp\/v2\/categories?post=7936"},{"taxonomy":"post_tag","embeddable":true,"href":"https:\/\/agora.xtec.cat\/ceipsab\/wp-json\/wp\/v2\/tags?post=7936"}],"curies":[{"name":"wp","href":"https:\/\/api.w.org\/{rel}","templated":true}]}}