{"id":7930,"date":"2021-06-22T17:04:28","date_gmt":"2021-06-22T15:04:28","guid":{"rendered":"http:\/\/agora.xtec.cat\/ceipsab\/?p=7930"},"modified":"2021-06-22T17:04:28","modified_gmt":"2021-06-22T15:04:28","slug":"comiat-de-6e-curs-20-21","status":"publish","type":"post","link":"https:\/\/agora.xtec.cat\/ceipsab\/portada\/comiat-de-6e-curs-20-21\/","title":{"rendered":"Comiat de 6\u00e8 curs 20-21"},"content":{"rendered":"<p>Avui ha sigut un dia molt especial pels alumnes de 6\u00e8.<\/p>\n<p>Ens deixen per comen\u00e7ar un nou cam\u00ed ple de reptes, emocions i moments especials.<\/p>\n<p>Us trobarem a faltar perqu\u00e8 encara que no estigueu a l&#8217;escola sempre formareu part d&#8217;aquesta fam\u00edlia. Desitgem que quan tanqueu els ulls i feu un tomb pel passat us trobeu un munt de bons records viscuts tots junts en aquests inoblidables 9 anys.<\/p>\n<p>Sempre estareu en els nostres cors.<\/p>\n<p><iframe loading=\"lazy\" title=\"Comiat d&#039;Educaci\u00f3 infantil\" width=\"500\" height=\"281\" src=\"https:\/\/www.youtube.com\/embed\/tjLNh5jOLAw?feature=oembed\" frameborder=\"0\" allow=\"accelerometer; autoplay; clipboard-write; encrypted-media; gyroscope; picture-in-picture; web-share\" referrerpolicy=\"strict-origin-when-cross-origin\" allowfullscreen><\/iframe><\/p>\n<p><iframe loading=\"lazy\" title=\"Comiat d&#039;Educaci\u00f3 Infantil\" width=\"500\" height=\"281\" src=\"https:\/\/www.youtube.com\/embed\/23MGDrQYGgA?feature=oembed\" frameborder=\"0\" allow=\"accelerometer; autoplay; clipboard-write; encrypted-media; gyroscope; picture-in-picture; web-share\" referrerpolicy=\"strict-origin-when-cross-origin\" allowfullscreen><\/iframe><\/p>\n<p><iframe loading=\"lazy\" title=\"Comiat de Prim\u00e0ria\" width=\"500\" height=\"281\" src=\"https:\/\/www.youtube.com\/embed\/QrtktTO-7n8?feature=oembed\" frameborder=\"0\" allow=\"accelerometer; autoplay; clipboard-write; encrypted-media; gyroscope; picture-in-picture; web-share\" referrerpolicy=\"strict-origin-when-cross-origin\" allowfullscreen><\/iframe><\/p>\n<p><a href=\"https:\/\/photos.app.goo.gl\/8JdpYKmwK3Yu3FUW8\"><img loading=\"lazy\" decoding=\"async\" class=\"aligncenter wp-image-8082 size-medium\" src=\"https:\/\/agora.xtec.cat\/ceipsab\/wp-content\/uploads\/usu1011\/2021\/06\/mod-1-300x225.jpg\" alt=\"\" width=\"300\" height=\"225\" srcset=\"https:\/\/agora.xtec.cat\/ceipsab\/wp-content\/uploads\/usu1011\/2021\/06\/mod-1-300x225.jpg 300w, https:\/\/agora.xtec.cat\/ceipsab\/wp-content\/uploads\/usu1011\/2021\/06\/mod-1-768x576.jpg 768w, https:\/\/agora.xtec.cat\/ceipsab\/wp-content\/uploads\/usu1011\/2021\/06\/mod-1-1024x768.jpg 1024w, https:\/\/agora.xtec.cat\/ceipsab\/wp-content\/uploads\/usu1011\/2021\/06\/mod-1-200x150.jpg 200w, https:\/\/agora.xtec.cat\/ceipsab\/wp-content\/uploads\/usu1011\/2021\/06\/mod-1.jpg 2000w\" sizes=\"auto, (max-width: 300px) 100vw, 300px\" \/><\/a><\/p>\n<p>&nbsp;<\/p>\n<p>&nbsp;<\/p>\n<p>&nbsp;<\/p>\n<p><iframe loading=\"lazy\" title=\"E.I:COMIAT 6\u00e8\" width=\"500\" height=\"281\" src=\"https:\/\/www.youtube.com\/embed\/2HtY0F9rdhA?feature=oembed\" frameborder=\"0\" allow=\"accelerometer; autoplay; clipboard-write; encrypted-media; gyroscope; picture-in-picture; web-share\" referrerpolicy=\"strict-origin-when-cross-origin\" allowfullscreen><\/iframe><\/p>\n<p><iframe loading=\"lazy\" title=\"CI: volem ser com vosaltres\" width=\"500\" height=\"281\" src=\"https:\/\/www.youtube.com\/embed\/vC__8_QXH4U?feature=oembed\" frameborder=\"0\" allow=\"accelerometer; autoplay; clipboard-write; encrypted-media; gyroscope; picture-in-picture; web-share\" referrerpolicy=\"strict-origin-when-cross-origin\" allowfullscreen><\/iframe><\/p>\n<p><iframe loading=\"lazy\" title=\"cicle mitj\u00e0 6\u00e8\" width=\"500\" height=\"281\" src=\"https:\/\/www.youtube.com\/embed\/Ap0r7wHuKSg?feature=oembed\" frameborder=\"0\" allow=\"accelerometer; autoplay; clipboard-write; encrypted-media; gyroscope; picture-in-picture; web-share\" referrerpolicy=\"strict-origin-when-cross-origin\" allowfullscreen><\/iframe><\/p>\n<p><iframe loading=\"lazy\" title=\"5\u00e8 V\u00eddeo comiat 6\u00e8\" width=\"500\" height=\"281\" src=\"https:\/\/www.youtube.com\/embed\/RaHjtsSNZT0?feature=oembed\" frameborder=\"0\" allow=\"accelerometer; autoplay; clipboard-write; encrypted-media; gyroscope; picture-in-picture; web-share\" referrerpolicy=\"strict-origin-when-cross-origin\" allowfullscreen><\/iframe><\/p>\n<p><iframe loading=\"lazy\" title=\"6Comiat21\" width=\"500\" height=\"281\" src=\"https:\/\/www.youtube.com\/embed\/w65tWUq4zIA?feature=oembed\" frameborder=\"0\" allow=\"accelerometer; autoplay; clipboard-write; encrypted-media; gyroscope; picture-in-picture; web-share\" referrerpolicy=\"strict-origin-when-cross-origin\" allowfullscreen><\/iframe><\/p>\n","protected":false},"excerpt":{"rendered":"<p>Avui ha sigut un dia molt especial pels alumnes de 6\u00e8.<br \/>\nEns deixen per comen\u00e7ar un nou cam\u00ed ple de reptes, emocions i moments especials.<br \/>\nUs trobarem a faltar perqu\u00e8 encara que no estigueu a l&#8217;escola sempre formareu part d&#8217;aquesta fam\u00edlia. Desitgem que quan tanqueu els ulls&hellip;  <a href=\"https:\/\/agora.xtec.cat\/ceipsab\/portada\/comiat-de-6e-curs-20-21\/\" title=\"Read Comiat de 6\u00e8 curs 20-21\">Llegeix m\u00e9s\u00bb<\/a><\/p>\n","protected":false},"author":3,"featured_media":8082,"comment_status":"open","ping_status":"closed","sticky":false,"template":"","format":"standard","meta":{"_bbp_topic_count":0,"_bbp_reply_count":0,"_bbp_total_topic_count":0,"_bbp_total_reply_count":0,"_bbp_voice_count":0,"_bbp_anonymous_reply_count":0,"_bbp_topic_count_hidden":0,"_bbp_reply_count_hidden":0,"_bbp_forum_subforum_count":0,"footnotes":""},"categories":[65,4],"tags":[339],"class_list":["post-7930","post","type-post","status-publish","format-standard","has-post-thumbnail","hentry","category-cicle-superior","category-portada","tag-comiat-6e"],"post_mailing_queue_ids":[],"_links":{"self":[{"href":"https:\/\/agora.xtec.cat\/ceipsab\/wp-json\/wp\/v2\/posts\/7930","targetHints":{"allow":["GET"]}}],"collection":[{"href":"https:\/\/agora.xtec.cat\/ceipsab\/wp-json\/wp\/v2\/posts"}],"about":[{"href":"https:\/\/agora.xtec.cat\/ceipsab\/wp-json\/wp\/v2\/types\/post"}],"author":[{"embeddable":true,"href":"https:\/\/agora.xtec.cat\/ceipsab\/wp-json\/wp\/v2\/users\/3"}],"replies":[{"embeddable":true,"href":"https:\/\/agora.xtec.cat\/ceipsab\/wp-json\/wp\/v2\/comments?post=7930"}],"version-history":[{"count":3,"href":"https:\/\/agora.xtec.cat\/ceipsab\/wp-json\/wp\/v2\/posts\/7930\/revisions"}],"predecessor-version":[{"id":8089,"href":"https:\/\/agora.xtec.cat\/ceipsab\/wp-json\/wp\/v2\/posts\/7930\/revisions\/8089"}],"wp:featuredmedia":[{"embeddable":true,"href":"https:\/\/agora.xtec.cat\/ceipsab\/wp-json\/wp\/v2\/media\/8082"}],"wp:attachment":[{"href":"https:\/\/agora.xtec.cat\/ceipsab\/wp-json\/wp\/v2\/media?parent=7930"}],"wp:term":[{"taxonomy":"category","embeddable":true,"href":"https:\/\/agora.xtec.cat\/ceipsab\/wp-json\/wp\/v2\/categories?post=7930"},{"taxonomy":"post_tag","embeddable":true,"href":"https:\/\/agora.xtec.cat\/ceipsab\/wp-json\/wp\/v2\/tags?post=7930"}],"curies":[{"name":"wp","href":"https:\/\/api.w.org\/{rel}","templated":true}]}}