{"id":7924,"date":"2021-06-18T00:19:53","date_gmt":"2021-06-17T22:19:53","guid":{"rendered":"http:\/\/agora.xtec.cat\/ceipsab\/?p=7924"},"modified":"2021-06-18T00:19:53","modified_gmt":"2021-06-17T22:19:53","slug":"projecte-quant-pesem","status":"publish","type":"post","link":"https:\/\/agora.xtec.cat\/ceipsab\/educacio-infantil\/p5\/projecte-quant-pesem\/","title":{"rendered":"PROJECTE: QUANT PESEM?"},"content":{"rendered":"<p>Igual que els meteorits, nosaltres tamb\u00e9 pesem diferent.<\/p>\n<p><span style=\"font-weight: 400\">Despr\u00e9s de pesar-nos a la b\u00e0scula i veure els quilos que pes\u00e0vem cadasc\u00fa. Vam recollir aquestes dades a un gr\u00e0fic de tota la classe.<\/span><\/p>\n<p><span style=\"font-weight: 400\">Abans de comen\u00e7ar a acolorir ens va sorgir el dubte de quins colors far\u00edem servir per acolorir les columnes del gr\u00e0fic i a partir de les propostes dels alumnes vam acordar pintar segons la \u201cfam\u00edlia dels n\u00fameros\u201d (fins al 10, la fam\u00edlia del 10, la del 20 i la del 30).<\/span><\/p>\n<p><span style=\"font-weight: 400\">A les fotos podeu veure com va quedar el nostre gr\u00e0fic,<\/span><\/p>\n<p><span style=\"font-weight: 400\">En una altra sessi\u00f3 el vam analitzar i vam observar aspectes matem\u00e0tics molt interessants. I per finalitzar, <\/span><span style=\"font-weight: 400\">vam comparar el nostre gr\u00e0fic amb el gr\u00e0fic de l\u2019altra classe de P5. I vam raonar i deduir unes difer\u00e8ncies molt encertades.<\/span><\/p>\n<p><a href=\"https:\/\/photos.app.goo.gl\/iX8wWiT2kEoPSDMW8\"><img loading=\"lazy\" decoding=\"async\" class=\"wp-image-7925 aligncenter\" src=\"https:\/\/agora.xtec.cat\/ceipsab\/wp-content\/uploads\/usu1011\/2021\/06\/IMG_20210408_162507-768x1024.jpg\" alt=\"\" width=\"204\" height=\"272\" srcset=\"https:\/\/agora.xtec.cat\/ceipsab\/wp-content\/uploads\/usu1011\/2021\/06\/IMG_20210408_162507-768x1024.jpg 768w, https:\/\/agora.xtec.cat\/ceipsab\/wp-content\/uploads\/usu1011\/2021\/06\/IMG_20210408_162507-225x300.jpg 225w\" sizes=\"auto, (max-width: 204px) 100vw, 204px\" \/><\/a><\/p>\n<p>&nbsp;<\/p>\n<p>&nbsp;<\/p>\n<p>&nbsp;<\/p>\n","protected":false},"excerpt":{"rendered":"<p>Igual que els meteorits, nosaltres tamb\u00e9 pesem diferent.<br \/>\nDespr\u00e9s de pesar-nos a la b\u00e0scula i veure els quilos que pes\u00e0vem cadasc\u00fa. Vam recollir aquestes dades a un gr\u00e0fic de tota la classe.<br \/>\nAbans de comen\u00e7ar a acolorir ens va sorgir el dubte de quins colors far\u00edem servir&hellip;  <a href=\"https:\/\/agora.xtec.cat\/ceipsab\/educacio-infantil\/p5\/projecte-quant-pesem\/\" title=\"Read PROJECTE: QUANT PESEM?\">Llegeix m\u00e9s\u00bb<\/a><\/p>\n","protected":false},"author":25,"featured_media":7925,"comment_status":"open","ping_status":"closed","sticky":false,"template":"","format":"standard","meta":{"_bbp_topic_count":0,"_bbp_reply_count":0,"_bbp_total_topic_count":0,"_bbp_total_reply_count":0,"_bbp_voice_count":0,"_bbp_anonymous_reply_count":0,"_bbp_topic_count_hidden":0,"_bbp_reply_count_hidden":0,"_bbp_forum_subforum_count":0,"footnotes":""},"categories":[9],"tags":[],"class_list":["post-7924","post","type-post","status-publish","format-standard","has-post-thumbnail","hentry","category-p5"],"post_mailing_queue_ids":[],"_links":{"self":[{"href":"https:\/\/agora.xtec.cat\/ceipsab\/wp-json\/wp\/v2\/posts\/7924","targetHints":{"allow":["GET"]}}],"collection":[{"href":"https:\/\/agora.xtec.cat\/ceipsab\/wp-json\/wp\/v2\/posts"}],"about":[{"href":"https:\/\/agora.xtec.cat\/ceipsab\/wp-json\/wp\/v2\/types\/post"}],"author":[{"embeddable":true,"href":"https:\/\/agora.xtec.cat\/ceipsab\/wp-json\/wp\/v2\/users\/25"}],"replies":[{"embeddable":true,"href":"https:\/\/agora.xtec.cat\/ceipsab\/wp-json\/wp\/v2\/comments?post=7924"}],"version-history":[{"count":1,"href":"https:\/\/agora.xtec.cat\/ceipsab\/wp-json\/wp\/v2\/posts\/7924\/revisions"}],"predecessor-version":[{"id":7926,"href":"https:\/\/agora.xtec.cat\/ceipsab\/wp-json\/wp\/v2\/posts\/7924\/revisions\/7926"}],"wp:featuredmedia":[{"embeddable":true,"href":"https:\/\/agora.xtec.cat\/ceipsab\/wp-json\/wp\/v2\/media\/7925"}],"wp:attachment":[{"href":"https:\/\/agora.xtec.cat\/ceipsab\/wp-json\/wp\/v2\/media?parent=7924"}],"wp:term":[{"taxonomy":"category","embeddable":true,"href":"https:\/\/agora.xtec.cat\/ceipsab\/wp-json\/wp\/v2\/categories?post=7924"},{"taxonomy":"post_tag","embeddable":true,"href":"https:\/\/agora.xtec.cat\/ceipsab\/wp-json\/wp\/v2\/tags?post=7924"}],"curies":[{"name":"wp","href":"https:\/\/api.w.org\/{rel}","templated":true}]}}