{"id":7919,"date":"2021-06-18T00:06:45","date_gmt":"2021-06-17T22:06:45","guid":{"rendered":"http:\/\/agora.xtec.cat\/ceipsab\/?p=7919"},"modified":"2021-06-18T00:06:45","modified_gmt":"2021-06-17T22:06:45","slug":"projecte-mesurem-i-pesem-meteorits","status":"publish","type":"post","link":"https:\/\/agora.xtec.cat\/ceipsab\/educacio-infantil\/p5\/projecte-mesurem-i-pesem-meteorits\/","title":{"rendered":"PROJECTE: MESUREM I PESEM METEORITS"},"content":{"rendered":"<p><span style=\"font-weight: 400\">Descobrim uns \u201cmeteorits\u201d i com ja sabem, s\u00f3n de mides i pesos diferents. Els pesem amb la b\u00e0scula i els mesurem amb la cinta m\u00e8trica.<\/span><\/p>\n<p><span style=\"font-weight: 400\">Primer, fem hip\u00f2tesis sobre com seran els cr\u00e0ters d\u2019aquests meteorits quan caiguin a terra i com seran els cr\u00e0ters si cauen desde diferents al\u00e7ades.<\/span><\/p>\n<p><span style=\"font-weight: 400\">Despr\u00e9s, ho comprovem i en parlem: van sorgir raonaments molt interessant.<\/span><\/p>\n<p>Aqu\u00ed teniu les fotos i un v\u00eddeo a c\u00e0mera lenta:<\/p>\n<p>&nbsp;<\/p>\n<p><a href=\"https:\/\/photos.app.goo.gl\/ZbJfE5UfhwgaqSvz8\"><img loading=\"lazy\" decoding=\"async\" class=\"alignnone size-full wp-image-7920\" src=\"https:\/\/agora.xtec.cat\/ceipsab\/wp-content\/uploads\/usu1011\/2021\/06\/IMG_20210317_120428-1.jpg\" alt=\"\" width=\"416\" height=\"312\" srcset=\"https:\/\/agora.xtec.cat\/ceipsab\/wp-content\/uploads\/usu1011\/2021\/06\/IMG_20210317_120428-1.jpg 416w, https:\/\/agora.xtec.cat\/ceipsab\/wp-content\/uploads\/usu1011\/2021\/06\/IMG_20210317_120428-1-300x225.jpg 300w, https:\/\/agora.xtec.cat\/ceipsab\/wp-content\/uploads\/usu1011\/2021\/06\/IMG_20210317_120428-1-200x150.jpg 200w\" sizes=\"auto, (max-width: 416px) 100vw, 416px\" \/><\/a><a href=\"https:\/\/youtu.be\/M2lSjllbb84\"><img loading=\"lazy\" decoding=\"async\" class=\"alignnone size-full wp-image-7922\" src=\"https:\/\/agora.xtec.cat\/ceipsab\/wp-content\/uploads\/usu1011\/2021\/06\/IMG_20210317_121643.jpg\" alt=\"\" width=\"416\" height=\"312\" srcset=\"https:\/\/agora.xtec.cat\/ceipsab\/wp-content\/uploads\/usu1011\/2021\/06\/IMG_20210317_121643.jpg 416w, https:\/\/agora.xtec.cat\/ceipsab\/wp-content\/uploads\/usu1011\/2021\/06\/IMG_20210317_121643-300x225.jpg 300w, https:\/\/agora.xtec.cat\/ceipsab\/wp-content\/uploads\/usu1011\/2021\/06\/IMG_20210317_121643-200x150.jpg 200w\" sizes=\"auto, (max-width: 416px) 100vw, 416px\" \/><\/a><\/p>\n","protected":false},"excerpt":{"rendered":"<p>Descobrim uns \u201cmeteorits\u201d i com ja sabem, s\u00f3n de mides i pesos diferents. Els pesem amb la b\u00e0scula i els mesurem amb la cinta m\u00e8trica.<br \/>\nPrimer, fem hip\u00f2tesis sobre com seran els cr\u00e0ters d\u2019aquests meteorits quan caiguin a terra i com seran els cr\u00e0ters si cauen&hellip;  <a href=\"https:\/\/agora.xtec.cat\/ceipsab\/educacio-infantil\/p5\/projecte-mesurem-i-pesem-meteorits\/\" title=\"Read PROJECTE: MESUREM I PESEM METEORITS\">Llegeix m\u00e9s\u00bb<\/a><\/p>\n","protected":false},"author":25,"featured_media":7920,"comment_status":"open","ping_status":"closed","sticky":false,"template":"","format":"standard","meta":{"_bbp_topic_count":0,"_bbp_reply_count":0,"_bbp_total_topic_count":0,"_bbp_total_reply_count":0,"_bbp_voice_count":0,"_bbp_anonymous_reply_count":0,"_bbp_topic_count_hidden":0,"_bbp_reply_count_hidden":0,"_bbp_forum_subforum_count":0,"footnotes":""},"categories":[9],"tags":[],"class_list":["post-7919","post","type-post","status-publish","format-standard","has-post-thumbnail","hentry","category-p5"],"post_mailing_queue_ids":[],"_links":{"self":[{"href":"https:\/\/agora.xtec.cat\/ceipsab\/wp-json\/wp\/v2\/posts\/7919","targetHints":{"allow":["GET"]}}],"collection":[{"href":"https:\/\/agora.xtec.cat\/ceipsab\/wp-json\/wp\/v2\/posts"}],"about":[{"href":"https:\/\/agora.xtec.cat\/ceipsab\/wp-json\/wp\/v2\/types\/post"}],"author":[{"embeddable":true,"href":"https:\/\/agora.xtec.cat\/ceipsab\/wp-json\/wp\/v2\/users\/25"}],"replies":[{"embeddable":true,"href":"https:\/\/agora.xtec.cat\/ceipsab\/wp-json\/wp\/v2\/comments?post=7919"}],"version-history":[{"count":1,"href":"https:\/\/agora.xtec.cat\/ceipsab\/wp-json\/wp\/v2\/posts\/7919\/revisions"}],"predecessor-version":[{"id":7923,"href":"https:\/\/agora.xtec.cat\/ceipsab\/wp-json\/wp\/v2\/posts\/7919\/revisions\/7923"}],"wp:featuredmedia":[{"embeddable":true,"href":"https:\/\/agora.xtec.cat\/ceipsab\/wp-json\/wp\/v2\/media\/7920"}],"wp:attachment":[{"href":"https:\/\/agora.xtec.cat\/ceipsab\/wp-json\/wp\/v2\/media?parent=7919"}],"wp:term":[{"taxonomy":"category","embeddable":true,"href":"https:\/\/agora.xtec.cat\/ceipsab\/wp-json\/wp\/v2\/categories?post=7919"},{"taxonomy":"post_tag","embeddable":true,"href":"https:\/\/agora.xtec.cat\/ceipsab\/wp-json\/wp\/v2\/tags?post=7919"}],"curies":[{"name":"wp","href":"https:\/\/api.w.org\/{rel}","templated":true}]}}