{"id":7905,"date":"2021-06-17T23:31:20","date_gmt":"2021-06-17T21:31:20","guid":{"rendered":"http:\/\/agora.xtec.cat\/ceipsab\/?p=7905"},"modified":"2021-06-17T23:31:20","modified_gmt":"2021-06-17T21:31:20","slug":"projecte-meteorits-les-nostres-informacions","status":"publish","type":"post","link":"https:\/\/agora.xtec.cat\/ceipsab\/educacio-infantil\/p5\/projecte-meteorits-les-nostres-informacions\/","title":{"rendered":"PROJECTE METEORITS: LES NOSTRES INFORMACIONS"},"content":{"rendered":"<p><span style=\"font-weight: 400\">El nostre projecte el vam iniciar al setembre i va donar el nom a la nostra classe de P5B. A partir de les preguntes dels infants (\u201cqu\u00e8 volen saber dels meteorits?\u201d) les vam organitzar per temes i ens les vam repartir. Va escriure una nota a l\u2019agenda on cadasc\u00fa tenia una pregunta i a casa amb la col\u00b7laboraci\u00f3 de les fam\u00edlies van preparar la informaci\u00f3 que f<\/span><span style=\"font-weight: 400\">inalment, van explicar als companys i companyes.\u00a0<\/span><\/p>\n<p><span style=\"font-weight: 400\">Ho van fer molt b\u00e9!!!<\/span><\/p>\n<p><a href=\"https:\/\/photos.app.goo.gl\/ABi4Jk1NZZbPKRQE9\"><img loading=\"lazy\" decoding=\"async\" class=\"wp-image-7907 alignleft\" src=\"https:\/\/agora.xtec.cat\/ceipsab\/wp-content\/uploads\/usu1011\/2021\/06\/IMG-20201219-WA0002-COLLAGE-1024x1024.jpg\" alt=\"\" width=\"186\" height=\"186\" srcset=\"https:\/\/agora.xtec.cat\/ceipsab\/wp-content\/uploads\/usu1011\/2021\/06\/IMG-20201219-WA0002-COLLAGE-1024x1024.jpg 1024w, https:\/\/agora.xtec.cat\/ceipsab\/wp-content\/uploads\/usu1011\/2021\/06\/IMG-20201219-WA0002-COLLAGE-150x150.jpg 150w, https:\/\/agora.xtec.cat\/ceipsab\/wp-content\/uploads\/usu1011\/2021\/06\/IMG-20201219-WA0002-COLLAGE-300x300.jpg 300w, https:\/\/agora.xtec.cat\/ceipsab\/wp-content\/uploads\/usu1011\/2021\/06\/IMG-20201219-WA0002-COLLAGE-768x768.jpg 768w, https:\/\/agora.xtec.cat\/ceipsab\/wp-content\/uploads\/usu1011\/2021\/06\/IMG-20201219-WA0002-COLLAGE.jpg 2047w\" sizes=\"auto, (max-width: 186px) 100vw, 186px\" \/><\/a><\/p>\n","protected":false},"excerpt":{"rendered":"<p>El nostre projecte el vam iniciar al setembre i va donar el nom a la nostra classe de P5B. A partir de les preguntes dels infants (\u201cqu\u00e8 volen saber dels meteorits?\u201d) les vam organitzar per temes i ens les vam repartir. Va escriure una nota&hellip;  <a href=\"https:\/\/agora.xtec.cat\/ceipsab\/educacio-infantil\/p5\/projecte-meteorits-les-nostres-informacions\/\" title=\"Read PROJECTE METEORITS: LES NOSTRES INFORMACIONS\">Llegeix m\u00e9s\u00bb<\/a><\/p>\n","protected":false},"author":25,"featured_media":7907,"comment_status":"open","ping_status":"closed","sticky":false,"template":"","format":"standard","meta":{"_bbp_topic_count":0,"_bbp_reply_count":0,"_bbp_total_topic_count":0,"_bbp_total_reply_count":0,"_bbp_voice_count":0,"_bbp_anonymous_reply_count":0,"_bbp_topic_count_hidden":0,"_bbp_reply_count_hidden":0,"_bbp_forum_subforum_count":0,"footnotes":""},"categories":[9],"tags":[],"class_list":["post-7905","post","type-post","status-publish","format-standard","has-post-thumbnail","hentry","category-p5"],"post_mailing_queue_ids":[],"_links":{"self":[{"href":"https:\/\/agora.xtec.cat\/ceipsab\/wp-json\/wp\/v2\/posts\/7905","targetHints":{"allow":["GET"]}}],"collection":[{"href":"https:\/\/agora.xtec.cat\/ceipsab\/wp-json\/wp\/v2\/posts"}],"about":[{"href":"https:\/\/agora.xtec.cat\/ceipsab\/wp-json\/wp\/v2\/types\/post"}],"author":[{"embeddable":true,"href":"https:\/\/agora.xtec.cat\/ceipsab\/wp-json\/wp\/v2\/users\/25"}],"replies":[{"embeddable":true,"href":"https:\/\/agora.xtec.cat\/ceipsab\/wp-json\/wp\/v2\/comments?post=7905"}],"version-history":[{"count":1,"href":"https:\/\/agora.xtec.cat\/ceipsab\/wp-json\/wp\/v2\/posts\/7905\/revisions"}],"predecessor-version":[{"id":7908,"href":"https:\/\/agora.xtec.cat\/ceipsab\/wp-json\/wp\/v2\/posts\/7905\/revisions\/7908"}],"wp:featuredmedia":[{"embeddable":true,"href":"https:\/\/agora.xtec.cat\/ceipsab\/wp-json\/wp\/v2\/media\/7907"}],"wp:attachment":[{"href":"https:\/\/agora.xtec.cat\/ceipsab\/wp-json\/wp\/v2\/media?parent=7905"}],"wp:term":[{"taxonomy":"category","embeddable":true,"href":"https:\/\/agora.xtec.cat\/ceipsab\/wp-json\/wp\/v2\/categories?post=7905"},{"taxonomy":"post_tag","embeddable":true,"href":"https:\/\/agora.xtec.cat\/ceipsab\/wp-json\/wp\/v2\/tags?post=7905"}],"curies":[{"name":"wp","href":"https:\/\/api.w.org\/{rel}","templated":true}]}}