{"id":7883,"date":"2021-06-16T12:30:47","date_gmt":"2021-06-16T10:30:47","guid":{"rendered":"http:\/\/agora.xtec.cat\/ceipsab\/?p=7883"},"modified":"2021-06-16T16:17:09","modified_gmt":"2021-06-16T14:17:09","slug":"taller-stop-accidents","status":"publish","type":"post","link":"https:\/\/agora.xtec.cat\/ceipsab\/primaria\/cicle-superior\/5e\/taller-stop-accidents\/","title":{"rendered":"Taller Stop Accidents"},"content":{"rendered":"<p>El passat 12 i 13 d\u2019abril tots els alumnes de cicle superior vam fer un taller per aprendre mesures de seguretat vial per reduir els accidents. El taller va consistir en una explicaci\u00f3 per part de la Sara, que \u00e9s una treballadora de l\u2019Associaci\u00f3 d\u2019Ajuda i d\u2019Orientaci\u00f3 als Afectats pels Accidents de Tr\u00e0nsit, amb la que ens va explicar la import\u00e0ncia de la seguretat vial. Ens va explicar coses com: respectar les senyals de tr\u00e0nsit, portar roba reflectant de nit si vas en bicicleta, la import\u00e0ncia de creuar pel pas de vianants respectant els sem\u00e0fors, no jugar a les voreres a prop de la carretera i respectar les normes de seguretat del patinet el\u00e8ctric.<\/p>\n<p>Va ser un taller molt interessant en el que vam aprendre coses noves, a m\u00e9s a m\u00e9s ens van fer un regal! Ens van donar una mascareta a cadasc\u00fa i un calendari per a cada classe. Tamb\u00e9 ens van convidar a participar a un concurs on el guanyador pot aconseguir una bicicleta amb el casc i un diploma, a m\u00e9s el dibuix o la carta del guanyador sortir\u00e0 al calendari de l\u2019associaci\u00f3 l\u2019any vinent.<\/p>\n<p>Alumnes de CS<\/p>\n<p><a href=\"https:\/\/agora.xtec.cat\/ceipsab\/wp-content\/uploads\/usu1011\/2021\/06\/stop-accidentes.png\"><img loading=\"lazy\" decoding=\"async\" class=\"alignnone size-full wp-image-7874\" src=\"https:\/\/agora.xtec.cat\/ceipsab\/wp-content\/uploads\/usu1011\/2021\/06\/stop-accidentes.png\" alt=\"\" width=\"225\" height=\"225\" srcset=\"https:\/\/agora.xtec.cat\/ceipsab\/wp-content\/uploads\/usu1011\/2021\/06\/stop-accidentes.png 225w, https:\/\/agora.xtec.cat\/ceipsab\/wp-content\/uploads\/usu1011\/2021\/06\/stop-accidentes-150x150.png 150w\" sizes=\"auto, (max-width: 225px) 100vw, 225px\" \/><\/a><\/p>\n","protected":false},"excerpt":{"rendered":"<p>El passat 12 i 13 d\u2019abril tots els alumnes de cicle superior vam fer un taller per aprendre mesures de seguretat vial per reduir els accidents. El taller va consistir en una explicaci\u00f3 per part de la Sara, que \u00e9s una treballadora de l\u2019Associaci\u00f3 d\u2019Ajuda&hellip;  <a href=\"https:\/\/agora.xtec.cat\/ceipsab\/primaria\/cicle-superior\/5e\/taller-stop-accidents\/\" title=\"Read Taller Stop Accidents\">Llegeix m\u00e9s\u00bb<\/a><\/p>\n","protected":false},"author":1,"featured_media":7874,"comment_status":"closed","ping_status":"closed","sticky":false,"template":"","format":"standard","meta":{"_bbp_topic_count":0,"_bbp_reply_count":0,"_bbp_total_topic_count":0,"_bbp_total_reply_count":0,"_bbp_voice_count":0,"_bbp_anonymous_reply_count":0,"_bbp_topic_count_hidden":0,"_bbp_reply_count_hidden":0,"_bbp_forum_subforum_count":0,"footnotes":""},"categories":[14,65],"tags":[320,321,319],"class_list":["post-7883","post","type-post","status-publish","format-standard","has-post-thumbnail","hentry","category-5e","category-cicle-superior","tag-accidents","tag-seguretat-vial","tag-taller"],"post_mailing_queue_ids":[],"_links":{"self":[{"href":"https:\/\/agora.xtec.cat\/ceipsab\/wp-json\/wp\/v2\/posts\/7883","targetHints":{"allow":["GET"]}}],"collection":[{"href":"https:\/\/agora.xtec.cat\/ceipsab\/wp-json\/wp\/v2\/posts"}],"about":[{"href":"https:\/\/agora.xtec.cat\/ceipsab\/wp-json\/wp\/v2\/types\/post"}],"author":[{"embeddable":true,"href":"https:\/\/agora.xtec.cat\/ceipsab\/wp-json\/wp\/v2\/users\/1"}],"replies":[{"embeddable":true,"href":"https:\/\/agora.xtec.cat\/ceipsab\/wp-json\/wp\/v2\/comments?post=7883"}],"version-history":[{"count":3,"href":"https:\/\/agora.xtec.cat\/ceipsab\/wp-json\/wp\/v2\/posts\/7883\/revisions"}],"predecessor-version":[{"id":7903,"href":"https:\/\/agora.xtec.cat\/ceipsab\/wp-json\/wp\/v2\/posts\/7883\/revisions\/7903"}],"wp:featuredmedia":[{"embeddable":true,"href":"https:\/\/agora.xtec.cat\/ceipsab\/wp-json\/wp\/v2\/media\/7874"}],"wp:attachment":[{"href":"https:\/\/agora.xtec.cat\/ceipsab\/wp-json\/wp\/v2\/media?parent=7883"}],"wp:term":[{"taxonomy":"category","embeddable":true,"href":"https:\/\/agora.xtec.cat\/ceipsab\/wp-json\/wp\/v2\/categories?post=7883"},{"taxonomy":"post_tag","embeddable":true,"href":"https:\/\/agora.xtec.cat\/ceipsab\/wp-json\/wp\/v2\/tags?post=7883"}],"curies":[{"name":"wp","href":"https:\/\/api.w.org\/{rel}","templated":true}]}}