{"id":7855,"date":"2021-06-09T12:53:24","date_gmt":"2021-06-09T10:53:24","guid":{"rendered":"http:\/\/agora.xtec.cat\/ceipsab\/?p=7855"},"modified":"2021-06-09T12:53:24","modified_gmt":"2021-06-09T10:53:24","slug":"p4-som-artistes-com-pablo-picasso","status":"publish","type":"post","link":"https:\/\/agora.xtec.cat\/ceipsab\/educacio-infantil\/p4\/p4-som-artistes-com-pablo-picasso\/","title":{"rendered":"P4 SOM ARTISTES COM PABLO PICASSO"},"content":{"rendered":"<p>Durant aquest \u00faltim trimestre hem continuat coneixent l&#8217;obra de l&#8217;artista Pablo Picasso.<\/p>\n<p>Picasso va pintar molts quadres, fins i tot va fer la seva pr\u00f2pia creaci\u00f3 de Les Menines de Vel\u00e1zquez. Nosaltres tamb\u00e9 ens hem atrevit a fer-les !!!<\/p>\n<p>A m\u00e9s de pintor, Picasso tamb\u00e9 va ser un gran escultor. D&#8217;entre moltes escultures va fer plats de cer\u00e0mica i nosaltres hem fet els nostres amb fang.<\/p>\n<p>Voleu veure les nostres creacions?<\/p>\n<p><a href=\"https:\/\/photos.app.goo.gl\/MVUKmFtT3j5nnw9X6\"><img loading=\"lazy\" decoding=\"async\" class=\"alignnone  wp-image-7856\" src=\"https:\/\/agora.xtec.cat\/ceipsab\/wp-content\/uploads\/usu1011\/2021\/06\/P4-SOM-ARTISTES-COM-PABLO-PICASSO-1024x685.jpg\" alt=\"\" width=\"266\" height=\"178\" srcset=\"https:\/\/agora.xtec.cat\/ceipsab\/wp-content\/uploads\/usu1011\/2021\/06\/P4-SOM-ARTISTES-COM-PABLO-PICASSO-1024x685.jpg 1024w, https:\/\/agora.xtec.cat\/ceipsab\/wp-content\/uploads\/usu1011\/2021\/06\/P4-SOM-ARTISTES-COM-PABLO-PICASSO-300x201.jpg 300w, https:\/\/agora.xtec.cat\/ceipsab\/wp-content\/uploads\/usu1011\/2021\/06\/P4-SOM-ARTISTES-COM-PABLO-PICASSO-768x514.jpg 768w, https:\/\/agora.xtec.cat\/ceipsab\/wp-content\/uploads\/usu1011\/2021\/06\/P4-SOM-ARTISTES-COM-PABLO-PICASSO.jpg 2048w\" sizes=\"auto, (max-width: 266px) 100vw, 266px\" \/><\/a><\/p>\n","protected":false},"excerpt":{"rendered":"<p>Durant aquest \u00faltim trimestre hem continuat coneixent l&#8217;obra de l&#8217;artista Pablo Picasso.<br \/>\nPicasso va pintar molts quadres, fins i tot va fer la seva pr\u00f2pia creaci\u00f3 de Les Menines de Vel\u00e1zquez. Nosaltres tamb\u00e9 ens hem atrevit a fer-les !!!<br \/>\nA m\u00e9s de pintor, Picasso tamb\u00e9 va ser&hellip;  <a href=\"https:\/\/agora.xtec.cat\/ceipsab\/educacio-infantil\/p4\/p4-som-artistes-com-pablo-picasso\/\" title=\"Read P4 SOM ARTISTES COM PABLO PICASSO\">Llegeix m\u00e9s\u00bb<\/a><\/p>\n","protected":false},"author":48,"featured_media":7856,"comment_status":"open","ping_status":"closed","sticky":false,"template":"","format":"standard","meta":{"_bbp_topic_count":0,"_bbp_reply_count":0,"_bbp_total_topic_count":0,"_bbp_total_reply_count":0,"_bbp_voice_count":0,"_bbp_anonymous_reply_count":0,"_bbp_topic_count_hidden":0,"_bbp_reply_count_hidden":0,"_bbp_forum_subforum_count":0,"footnotes":""},"categories":[62,8],"tags":[],"class_list":["post-7855","post","type-post","status-publish","format-standard","has-post-thumbnail","hentry","category-educacio-infantil","category-p4"],"post_mailing_queue_ids":[],"_links":{"self":[{"href":"https:\/\/agora.xtec.cat\/ceipsab\/wp-json\/wp\/v2\/posts\/7855","targetHints":{"allow":["GET"]}}],"collection":[{"href":"https:\/\/agora.xtec.cat\/ceipsab\/wp-json\/wp\/v2\/posts"}],"about":[{"href":"https:\/\/agora.xtec.cat\/ceipsab\/wp-json\/wp\/v2\/types\/post"}],"author":[{"embeddable":true,"href":"https:\/\/agora.xtec.cat\/ceipsab\/wp-json\/wp\/v2\/users\/48"}],"replies":[{"embeddable":true,"href":"https:\/\/agora.xtec.cat\/ceipsab\/wp-json\/wp\/v2\/comments?post=7855"}],"version-history":[{"count":1,"href":"https:\/\/agora.xtec.cat\/ceipsab\/wp-json\/wp\/v2\/posts\/7855\/revisions"}],"predecessor-version":[{"id":7857,"href":"https:\/\/agora.xtec.cat\/ceipsab\/wp-json\/wp\/v2\/posts\/7855\/revisions\/7857"}],"wp:featuredmedia":[{"embeddable":true,"href":"https:\/\/agora.xtec.cat\/ceipsab\/wp-json\/wp\/v2\/media\/7856"}],"wp:attachment":[{"href":"https:\/\/agora.xtec.cat\/ceipsab\/wp-json\/wp\/v2\/media?parent=7855"}],"wp:term":[{"taxonomy":"category","embeddable":true,"href":"https:\/\/agora.xtec.cat\/ceipsab\/wp-json\/wp\/v2\/categories?post=7855"},{"taxonomy":"post_tag","embeddable":true,"href":"https:\/\/agora.xtec.cat\/ceipsab\/wp-json\/wp\/v2\/tags?post=7855"}],"curies":[{"name":"wp","href":"https:\/\/api.w.org\/{rel}","templated":true}]}}