{"id":7800,"date":"2021-06-04T11:57:53","date_gmt":"2021-06-04T09:57:53","guid":{"rendered":"http:\/\/agora.xtec.cat\/ceipsab\/?p=7800"},"modified":"2021-06-04T11:57:53","modified_gmt":"2021-06-04T09:57:53","slug":"projecte-dels-gats","status":"publish","type":"post","link":"https:\/\/agora.xtec.cat\/ceipsab\/educacio-infantil\/p3\/projecte-dels-gats\/","title":{"rendered":"PROJECTE DELS GATS"},"content":{"rendered":"<p>Hola fam\u00edlies!<\/p>\n<p>Ahir, els nens i nenes de P3B, vam portar a casa l&#8217;\u00e0lbum sobre els gats que hem realitzat durant aquest curs! Hem apr\u00e8s molt\u00edssimes coses sobre aquest animal i ens ho hem passat molt b\u00e9!<\/p>\n<p>Us deixem algunes fotos de les presentacions que vam fer a la classe.<\/p>\n<p><a href=\"https:\/\/photos.app.goo.gl\/MS1vSC8CDGHGYymj9\"><img loading=\"lazy\" decoding=\"async\" class=\"\" src=\"https:\/\/www.purina.es\/gato\/purina-one\/sites\/default\/files\/2018-06\/Mi_gato_no_come%20%282%29.jpg\" alt=\"Consejos: mi gato no come | Purina ONE\u00ae\" width=\"412\" height=\"232\" \/><\/a><\/p>\n<p>&nbsp;<\/p>\n","protected":false},"excerpt":{"rendered":"<p>Hola fam\u00edlies!<br \/>\nAhir, els nens i nenes de P3B, vam portar a casa l&#8217;\u00e0lbum sobre els gats que hem realitzat durant aquest curs! Hem apr\u00e8s molt\u00edssimes coses sobre aquest animal i ens ho hem passat molt b\u00e9!<br \/>\nUs deixem algunes fotos de les presentacions que vam fer&hellip;  <a href=\"https:\/\/agora.xtec.cat\/ceipsab\/educacio-infantil\/p3\/projecte-dels-gats\/\" title=\"Read PROJECTE DELS GATS\">Llegeix m\u00e9s\u00bb<\/a><\/p>\n","protected":false},"author":1,"featured_media":0,"comment_status":"open","ping_status":"closed","sticky":false,"template":"","format":"standard","meta":{"_bbp_topic_count":0,"_bbp_reply_count":0,"_bbp_total_topic_count":0,"_bbp_total_reply_count":0,"_bbp_voice_count":0,"_bbp_anonymous_reply_count":0,"_bbp_topic_count_hidden":0,"_bbp_reply_count_hidden":0,"_bbp_forum_subforum_count":0,"footnotes":""},"categories":[62,3],"tags":[],"class_list":["post-7800","post","type-post","status-publish","format-standard","hentry","category-educacio-infantil","category-p3"],"post_mailing_queue_ids":[],"_links":{"self":[{"href":"https:\/\/agora.xtec.cat\/ceipsab\/wp-json\/wp\/v2\/posts\/7800","targetHints":{"allow":["GET"]}}],"collection":[{"href":"https:\/\/agora.xtec.cat\/ceipsab\/wp-json\/wp\/v2\/posts"}],"about":[{"href":"https:\/\/agora.xtec.cat\/ceipsab\/wp-json\/wp\/v2\/types\/post"}],"author":[{"embeddable":true,"href":"https:\/\/agora.xtec.cat\/ceipsab\/wp-json\/wp\/v2\/users\/1"}],"replies":[{"embeddable":true,"href":"https:\/\/agora.xtec.cat\/ceipsab\/wp-json\/wp\/v2\/comments?post=7800"}],"version-history":[{"count":1,"href":"https:\/\/agora.xtec.cat\/ceipsab\/wp-json\/wp\/v2\/posts\/7800\/revisions"}],"predecessor-version":[{"id":7801,"href":"https:\/\/agora.xtec.cat\/ceipsab\/wp-json\/wp\/v2\/posts\/7800\/revisions\/7801"}],"wp:attachment":[{"href":"https:\/\/agora.xtec.cat\/ceipsab\/wp-json\/wp\/v2\/media?parent=7800"}],"wp:term":[{"taxonomy":"category","embeddable":true,"href":"https:\/\/agora.xtec.cat\/ceipsab\/wp-json\/wp\/v2\/categories?post=7800"},{"taxonomy":"post_tag","embeddable":true,"href":"https:\/\/agora.xtec.cat\/ceipsab\/wp-json\/wp\/v2\/tags?post=7800"}],"curies":[{"name":"wp","href":"https:\/\/api.w.org\/{rel}","templated":true}]}}