{"id":7792,"date":"2021-05-31T11:47:48","date_gmt":"2021-05-31T09:47:48","guid":{"rendered":"http:\/\/agora.xtec.cat\/ceipsab\/?p=7792"},"modified":"2021-05-31T11:47:48","modified_gmt":"2021-05-31T09:47:48","slug":"a-cicle-inicial-ens-venen-a-visitar-animals-exotics","status":"publish","type":"post","link":"https:\/\/agora.xtec.cat\/ceipsab\/portada\/a-cicle-inicial-ens-venen-a-visitar-animals-exotics\/","title":{"rendered":"A Cicle Inicial ens venen a visitar animals ex\u00f2tics"},"content":{"rendered":"<p>El passat divendres 21 vam rebre una visita molt especial. El CAN , Centre d&#8217;Apropament a la Natura, ens va venir a veure acompanyats d&#8217;uns personatges molt especials, ni m\u00e9s ni menys que un grup d&#8217;animals ex\u00f2tics.<\/p>\n<p>Vam poder compartir a l&#8217;aula una molt bona i llarga estona amb alguns animals que dif\u00edcilment podem veure a prop nostre.<\/p>\n<p>D&#8217;aquesta manera durant gaireb\u00e9 m\u00e9s d&#8217;una horeta vam poder con\u00e8ixer, tocar i incl\u00fas fer-nos fotos amb una iguana, un Gran Duc, una tortuga, un drag\u00f3 barbut, un gecko del desert, un eri\u00e7\u00f3 afric\u00e0 i fins i tot amb una pit\u00f3 albina.<\/p>\n<p>Vam ser molt valents i valentes.<\/p>\n<p>Aqu\u00ed us deixem algunes fotos de les nostres aventures.<\/p>\n<p>fotos de 1r\u00a0 \u00a0 \u00a0 \u00a0 \u00a0 \u00a0 \u00a0 \u00a0 \u00a0 \u00a0 \u00a0 \u00a0 \u00a0 \u00a0 \u00a0 \u00a0 \u00a0 \u00a0 \u00a0 \u00a0 \u00a0fotos de 2n<\/p>\n<p><a href=\"https:\/\/photos.app.goo.gl\/urXgL37JjmmmkYCh9\"><img loading=\"lazy\" decoding=\"async\" class=\" wp-image-7796 alignleft\" src=\"https:\/\/agora.xtec.cat\/ceipsab\/wp-content\/uploads\/usu1011\/2021\/05\/2n.jpg\" alt=\"\" width=\"204\" height=\"216\" \/><\/a><\/p>\n<p><a href=\"https:\/\/photos.app.goo.gl\/WzuBTRCqtFZJn1nT9\"><img loading=\"lazy\" decoding=\"async\" class=\"wp-image-7795 alignright\" src=\"https:\/\/agora.xtec.cat\/ceipsab\/wp-content\/uploads\/usu1011\/2021\/05\/1r.jpg\" alt=\"\" width=\"199\" height=\"232\" \/><\/a><\/p>\n","protected":false},"excerpt":{"rendered":"<p>El passat divendres 21 vam rebre una visita molt especial. El CAN , Centre d&#8217;Apropament a la Natura, ens va venir a veure acompanyats d&#8217;uns personatges molt especials, ni m\u00e9s ni menys que un grup d&#8217;animals ex\u00f2tics.<br \/>\nVam poder compartir a l&#8217;aula una molt bona i&hellip;  <a href=\"https:\/\/agora.xtec.cat\/ceipsab\/portada\/a-cicle-inicial-ens-venen-a-visitar-animals-exotics\/\" title=\"Read A Cicle Inicial ens venen a visitar animals ex\u00f2tics\">Llegeix m\u00e9s\u00bb<\/a><\/p>\n","protected":false},"author":1,"featured_media":7799,"comment_status":"open","ping_status":"closed","sticky":false,"template":"","format":"standard","meta":{"_bbp_topic_count":0,"_bbp_reply_count":0,"_bbp_total_topic_count":0,"_bbp_total_reply_count":0,"_bbp_voice_count":0,"_bbp_anonymous_reply_count":0,"_bbp_topic_count_hidden":0,"_bbp_reply_count_hidden":0,"_bbp_forum_subforum_count":0,"footnotes":""},"categories":[10,11,63,5,4],"tags":[],"class_list":["post-7792","post","type-post","status-publish","format-standard","has-post-thumbnail","hentry","category-1r","category-2n","category-cicle-inicial","category-primaria","category-portada"],"post_mailing_queue_ids":[],"_links":{"self":[{"href":"https:\/\/agora.xtec.cat\/ceipsab\/wp-json\/wp\/v2\/posts\/7792","targetHints":{"allow":["GET"]}}],"collection":[{"href":"https:\/\/agora.xtec.cat\/ceipsab\/wp-json\/wp\/v2\/posts"}],"about":[{"href":"https:\/\/agora.xtec.cat\/ceipsab\/wp-json\/wp\/v2\/types\/post"}],"author":[{"embeddable":true,"href":"https:\/\/agora.xtec.cat\/ceipsab\/wp-json\/wp\/v2\/users\/1"}],"replies":[{"embeddable":true,"href":"https:\/\/agora.xtec.cat\/ceipsab\/wp-json\/wp\/v2\/comments?post=7792"}],"version-history":[{"count":1,"href":"https:\/\/agora.xtec.cat\/ceipsab\/wp-json\/wp\/v2\/posts\/7792\/revisions"}],"predecessor-version":[{"id":7798,"href":"https:\/\/agora.xtec.cat\/ceipsab\/wp-json\/wp\/v2\/posts\/7792\/revisions\/7798"}],"wp:featuredmedia":[{"embeddable":true,"href":"https:\/\/agora.xtec.cat\/ceipsab\/wp-json\/wp\/v2\/media\/7799"}],"wp:attachment":[{"href":"https:\/\/agora.xtec.cat\/ceipsab\/wp-json\/wp\/v2\/media?parent=7792"}],"wp:term":[{"taxonomy":"category","embeddable":true,"href":"https:\/\/agora.xtec.cat\/ceipsab\/wp-json\/wp\/v2\/categories?post=7792"},{"taxonomy":"post_tag","embeddable":true,"href":"https:\/\/agora.xtec.cat\/ceipsab\/wp-json\/wp\/v2\/tags?post=7792"}],"curies":[{"name":"wp","href":"https:\/\/api.w.org\/{rel}","templated":true}]}}