{"id":7791,"date":"2021-05-31T11:41:42","date_gmt":"2021-05-31T09:41:42","guid":{"rendered":"http:\/\/agora.xtec.cat\/ceipsab\/?p=7791"},"modified":"2021-05-31T11:41:42","modified_gmt":"2021-05-31T09:41:42","slug":"p4-poema-de-la-primavera","status":"publish","type":"post","link":"https:\/\/agora.xtec.cat\/ceipsab\/educacio-infantil\/p4\/p4-poema-de-la-primavera\/","title":{"rendered":"P4 POEMA DE LA PRIMAVERA"},"content":{"rendered":"<p>Com estem a la primavera hem treballat un poema sobre aquesta estaci\u00f3. Hem anat investigant qu\u00e8 ens deia a trav\u00e9s dels dibuixos, de les lletres que ja coneixem&#8230; Hem apr\u00e8s vocabulari nou i l&#8217;hem memoritzat. I com ho hem fet tant b\u00e9 l&#8217;hem recitat als nostres companys i companyes de P5.<\/p>\n<p>Ens voleu veure?<\/p>\n<p><iframe loading=\"lazy\" title=\"POEMA PRIMAVERA P4\" width=\"500\" height=\"281\" src=\"https:\/\/www.youtube.com\/embed\/mt3EMxbWSTI?feature=oembed\" frameborder=\"0\" allow=\"accelerometer; autoplay; clipboard-write; encrypted-media; gyroscope; picture-in-picture; web-share\" referrerpolicy=\"strict-origin-when-cross-origin\" allowfullscreen><\/iframe><\/p>\n","protected":false},"excerpt":{"rendered":"<p>Com estem a la primavera hem treballat un poema sobre aquesta estaci\u00f3. Hem anat investigant qu\u00e8 ens deia a trav\u00e9s dels dibuixos, de les lletres que ja coneixem&#8230; Hem apr\u00e8s vocabulari nou i l&#8217;hem memoritzat. I com ho hem fet tant b\u00e9 l&#8217;hem recitat als&hellip;  <a href=\"https:\/\/agora.xtec.cat\/ceipsab\/educacio-infantil\/p4\/p4-poema-de-la-primavera\/\" title=\"Read P4 POEMA DE LA PRIMAVERA\">Llegeix m\u00e9s\u00bb<\/a><\/p>\n","protected":false},"author":48,"featured_media":7793,"comment_status":"open","ping_status":"closed","sticky":false,"template":"","format":"standard","meta":{"_bbp_topic_count":0,"_bbp_reply_count":0,"_bbp_total_topic_count":0,"_bbp_total_reply_count":0,"_bbp_voice_count":0,"_bbp_anonymous_reply_count":0,"_bbp_topic_count_hidden":0,"_bbp_reply_count_hidden":0,"_bbp_forum_subforum_count":0,"footnotes":""},"categories":[62,8],"tags":[],"class_list":["post-7791","post","type-post","status-publish","format-standard","has-post-thumbnail","hentry","category-educacio-infantil","category-p4"],"post_mailing_queue_ids":[],"_links":{"self":[{"href":"https:\/\/agora.xtec.cat\/ceipsab\/wp-json\/wp\/v2\/posts\/7791","targetHints":{"allow":["GET"]}}],"collection":[{"href":"https:\/\/agora.xtec.cat\/ceipsab\/wp-json\/wp\/v2\/posts"}],"about":[{"href":"https:\/\/agora.xtec.cat\/ceipsab\/wp-json\/wp\/v2\/types\/post"}],"author":[{"embeddable":true,"href":"https:\/\/agora.xtec.cat\/ceipsab\/wp-json\/wp\/v2\/users\/48"}],"replies":[{"embeddable":true,"href":"https:\/\/agora.xtec.cat\/ceipsab\/wp-json\/wp\/v2\/comments?post=7791"}],"version-history":[{"count":2,"href":"https:\/\/agora.xtec.cat\/ceipsab\/wp-json\/wp\/v2\/posts\/7791\/revisions"}],"predecessor-version":[{"id":7797,"href":"https:\/\/agora.xtec.cat\/ceipsab\/wp-json\/wp\/v2\/posts\/7791\/revisions\/7797"}],"wp:featuredmedia":[{"embeddable":true,"href":"https:\/\/agora.xtec.cat\/ceipsab\/wp-json\/wp\/v2\/media\/7793"}],"wp:attachment":[{"href":"https:\/\/agora.xtec.cat\/ceipsab\/wp-json\/wp\/v2\/media?parent=7791"}],"wp:term":[{"taxonomy":"category","embeddable":true,"href":"https:\/\/agora.xtec.cat\/ceipsab\/wp-json\/wp\/v2\/categories?post=7791"},{"taxonomy":"post_tag","embeddable":true,"href":"https:\/\/agora.xtec.cat\/ceipsab\/wp-json\/wp\/v2\/tags?post=7791"}],"curies":[{"name":"wp","href":"https:\/\/api.w.org\/{rel}","templated":true}]}}