{"id":7746,"date":"2021-05-24T22:12:11","date_gmt":"2021-05-24T20:12:11","guid":{"rendered":"http:\/\/agora.xtec.cat\/ceipsab\/?p=7746"},"modified":"2021-05-24T22:12:11","modified_gmt":"2021-05-24T20:12:11","slug":"finestres-de-primavera","status":"publish","type":"post","link":"https:\/\/agora.xtec.cat\/ceipsab\/educacio-infantil\/p5\/finestres-de-primavera\/","title":{"rendered":"FINESTRES DE PRIMAVERA"},"content":{"rendered":"<p><span style=\"font-weight: 400\">Aprofitant que estem a la primavera i que hem apr\u00e8s un poema molt bonic, a pl\u00e0stica tamb\u00e9 hem volgut deixar anar la nostra creativitat amb una activitat que ens ha agradat molt\u00edssim.<\/span><\/p>\n<p><span style=\"font-weight: 400\">A partir de diferents materials que hav\u00edem recollit i portat a la classe entre tots i totes (pedres, petxines, flors, pals&#8230;) hem creat una composici\u00f3 lliure que hem anomenat &#8220;finestres de primavera&#8221;.<\/span><\/p>\n<p><a href=\"https:\/\/photos.app.goo.gl\/GukgcvqL8187SWFx9\"><img loading=\"lazy\" decoding=\"async\" class=\"size-full wp-image-7747 aligncenter\" src=\"https:\/\/agora.xtec.cat\/ceipsab\/wp-content\/uploads\/usu1011\/2021\/05\/IMG_20210506_155041.jpg\" alt=\"\" width=\"208\" height=\"156\" srcset=\"https:\/\/agora.xtec.cat\/ceipsab\/wp-content\/uploads\/usu1011\/2021\/05\/IMG_20210506_155041.jpg 208w, https:\/\/agora.xtec.cat\/ceipsab\/wp-content\/uploads\/usu1011\/2021\/05\/IMG_20210506_155041-200x150.jpg 200w\" sizes=\"auto, (max-width: 208px) 100vw, 208px\" \/><\/a><\/p>\n","protected":false},"excerpt":{"rendered":"<p>Aprofitant que estem a la primavera i que hem apr\u00e8s un poema molt bonic, a pl\u00e0stica tamb\u00e9 hem volgut deixar anar la nostra creativitat amb una activitat que ens ha agradat molt\u00edssim.<br \/>\nA partir de diferents materials que hav\u00edem recollit i portat a la classe entre&hellip;  <a href=\"https:\/\/agora.xtec.cat\/ceipsab\/educacio-infantil\/p5\/finestres-de-primavera\/\" title=\"Read FINESTRES DE PRIMAVERA\">Llegeix m\u00e9s\u00bb<\/a><\/p>\n","protected":false},"author":25,"featured_media":7747,"comment_status":"open","ping_status":"closed","sticky":false,"template":"","format":"standard","meta":{"_bbp_topic_count":0,"_bbp_reply_count":0,"_bbp_total_topic_count":0,"_bbp_total_reply_count":0,"_bbp_voice_count":0,"_bbp_anonymous_reply_count":0,"_bbp_topic_count_hidden":0,"_bbp_reply_count_hidden":0,"_bbp_forum_subforum_count":0,"footnotes":""},"categories":[62,9],"tags":[],"class_list":["post-7746","post","type-post","status-publish","format-standard","has-post-thumbnail","hentry","category-educacio-infantil","category-p5"],"post_mailing_queue_ids":[],"_links":{"self":[{"href":"https:\/\/agora.xtec.cat\/ceipsab\/wp-json\/wp\/v2\/posts\/7746","targetHints":{"allow":["GET"]}}],"collection":[{"href":"https:\/\/agora.xtec.cat\/ceipsab\/wp-json\/wp\/v2\/posts"}],"about":[{"href":"https:\/\/agora.xtec.cat\/ceipsab\/wp-json\/wp\/v2\/types\/post"}],"author":[{"embeddable":true,"href":"https:\/\/agora.xtec.cat\/ceipsab\/wp-json\/wp\/v2\/users\/25"}],"replies":[{"embeddable":true,"href":"https:\/\/agora.xtec.cat\/ceipsab\/wp-json\/wp\/v2\/comments?post=7746"}],"version-history":[{"count":1,"href":"https:\/\/agora.xtec.cat\/ceipsab\/wp-json\/wp\/v2\/posts\/7746\/revisions"}],"predecessor-version":[{"id":7748,"href":"https:\/\/agora.xtec.cat\/ceipsab\/wp-json\/wp\/v2\/posts\/7746\/revisions\/7748"}],"wp:featuredmedia":[{"embeddable":true,"href":"https:\/\/agora.xtec.cat\/ceipsab\/wp-json\/wp\/v2\/media\/7747"}],"wp:attachment":[{"href":"https:\/\/agora.xtec.cat\/ceipsab\/wp-json\/wp\/v2\/media?parent=7746"}],"wp:term":[{"taxonomy":"category","embeddable":true,"href":"https:\/\/agora.xtec.cat\/ceipsab\/wp-json\/wp\/v2\/categories?post=7746"},{"taxonomy":"post_tag","embeddable":true,"href":"https:\/\/agora.xtec.cat\/ceipsab\/wp-json\/wp\/v2\/tags?post=7746"}],"curies":[{"name":"wp","href":"https:\/\/api.w.org\/{rel}","templated":true}]}}