{"id":7739,"date":"2021-05-24T22:09:29","date_gmt":"2021-05-24T20:09:29","guid":{"rendered":"http:\/\/agora.xtec.cat\/ceipsab\/?p=7739"},"modified":"2021-05-24T22:09:29","modified_gmt":"2021-05-24T20:09:29","slug":"poema-de-la-primavera","status":"publish","type":"post","link":"https:\/\/agora.xtec.cat\/ceipsab\/portada\/poema-de-la-primavera\/","title":{"rendered":"POEMA DE LA PRIMAVERA"},"content":{"rendered":"<p><span style=\"font-weight: 400\">Aprofitant l\u2019arribada el mes de maig hem llegit i apr\u00e8s el poema de \u201cLa primavera\u201d de Joan Amades. Despr\u00e9s ens hem plantejat que el vol\u00edem llegir en veu alta, per\u00f2 per fer aix\u00f2 necessit\u00e0vem pr\u00e0ctica, unes pautes i p\u00fablic.<\/span><\/p>\n<p><span style=\"font-weight: 400\">Hem pensat i decidit els aspectes importants a l\u2019hora de llegir en veu alta, hem practicat tenint-los en comptes, hem llegit amb p\u00fablic, ens hem gravat per despr\u00e9s poder-nos observar i hem visualitzat el v\u00eddeo per poder-nos autovalorar a partir d\u2019una graella (r\u00fabrica) que hav\u00edem decidit pr\u00e8viament.\u00a0<\/span><\/p>\n<p><span style=\"font-weight: 400\">Hem fet un bon treball i hem apr\u00e8s molt sobre lectura expressiva!<\/span><\/p>\n<p><span style=\"font-weight: 400\">Us deixem unes fotos i els v\u00eddeos de les nostres lectures:<\/span><\/p>\n<p><a href=\"https:\/\/photos.app.goo.gl\/ZwtT4ktKoArv7ECD6\"><img loading=\"lazy\" decoding=\"async\" class=\"alignnone size-full wp-image-7740\" src=\"https:\/\/agora.xtec.cat\/ceipsab\/wp-content\/uploads\/usu1011\/2021\/05\/C\u00f2pia-de-C\u00f2pia-de-IMG_20190510_124111.jpg\" alt=\"\" width=\"147\" height=\"186\" \/><\/a> <a href=\"https:\/\/youtu.be\/Vz82R5RBH1c\"><img loading=\"lazy\" decoding=\"async\" class=\"alignnone  wp-image-7741\" src=\"https:\/\/agora.xtec.cat\/ceipsab\/wp-content\/uploads\/usu1011\/2021\/05\/IMG_20210520_105641.jpg\" alt=\"\" width=\"187\" height=\"122\" srcset=\"https:\/\/agora.xtec.cat\/ceipsab\/wp-content\/uploads\/usu1011\/2021\/05\/IMG_20210520_105641.jpg 310w, https:\/\/agora.xtec.cat\/ceipsab\/wp-content\/uploads\/usu1011\/2021\/05\/IMG_20210520_105641-300x196.jpg 300w\" sizes=\"auto, (max-width: 187px) 100vw, 187px\" \/><\/a> <a href=\"https:\/\/youtu.be\/bSAl0kLroRk\"><img loading=\"lazy\" decoding=\"async\" class=\"alignnone size-large wp-image-7742\" src=\"https:\/\/agora.xtec.cat\/ceipsab\/wp-content\/uploads\/usu1011\/2021\/05\/IMG_20210524_211945.jpg\" alt=\"\" width=\"215\" height=\"123\" \/><\/a><\/p>\n<p>&nbsp;<\/p>\n<p><a href=\"https:\/\/youtu.be\/49MTdD2D1c4\"><img loading=\"lazy\" decoding=\"async\" class=\"alignnone size-full wp-image-7743\" src=\"https:\/\/agora.xtec.cat\/ceipsab\/wp-content\/uploads\/usu1011\/2021\/05\/IMG_20210519_113806.jpg\" alt=\"\" width=\"208\" height=\"156\" srcset=\"https:\/\/agora.xtec.cat\/ceipsab\/wp-content\/uploads\/usu1011\/2021\/05\/IMG_20210519_113806.jpg 208w, https:\/\/agora.xtec.cat\/ceipsab\/wp-content\/uploads\/usu1011\/2021\/05\/IMG_20210519_113806-200x150.jpg 200w\" sizes=\"auto, (max-width: 208px) 100vw, 208px\" \/><\/a> <a href=\"https:\/\/youtu.be\/ydi8QWkrVEw\"><img loading=\"lazy\" decoding=\"async\" class=\"alignnone size-large wp-image-7744\" src=\"https:\/\/agora.xtec.cat\/ceipsab\/wp-content\/uploads\/usu1011\/2021\/05\/IMG_20210519_115124.jpg\" alt=\"\" width=\"208\" height=\"156\" srcset=\"https:\/\/agora.xtec.cat\/ceipsab\/wp-content\/uploads\/usu1011\/2021\/05\/IMG_20210519_115124.jpg 208w, https:\/\/agora.xtec.cat\/ceipsab\/wp-content\/uploads\/usu1011\/2021\/05\/IMG_20210519_115124-200x150.jpg 200w\" sizes=\"auto, (max-width: 208px) 100vw, 208px\" \/><\/a><\/p>\n","protected":false},"excerpt":{"rendered":"<p>Aprofitant l\u2019arribada el mes de maig hem llegit i apr\u00e8s el poema de \u201cLa primavera\u201d de Joan Amades. Despr\u00e9s ens hem plantejat que el vol\u00edem llegir en veu alta, per\u00f2 per fer aix\u00f2 necessit\u00e0vem pr\u00e0ctica, unes pautes i p\u00fablic.<br \/>\nHem pensat i decidit els aspectes importants&hellip;  <a href=\"https:\/\/agora.xtec.cat\/ceipsab\/portada\/poema-de-la-primavera\/\" title=\"Read POEMA DE LA PRIMAVERA\">Llegeix m\u00e9s\u00bb<\/a><\/p>\n","protected":false},"author":25,"featured_media":7740,"comment_status":"open","ping_status":"closed","sticky":false,"template":"","format":"standard","meta":{"_bbp_topic_count":0,"_bbp_reply_count":0,"_bbp_total_topic_count":0,"_bbp_total_reply_count":0,"_bbp_voice_count":0,"_bbp_anonymous_reply_count":0,"_bbp_topic_count_hidden":0,"_bbp_reply_count_hidden":0,"_bbp_forum_subforum_count":0,"footnotes":""},"categories":[62,9,4],"tags":[],"class_list":["post-7739","post","type-post","status-publish","format-standard","has-post-thumbnail","hentry","category-educacio-infantil","category-p5","category-portada"],"post_mailing_queue_ids":[],"_links":{"self":[{"href":"https:\/\/agora.xtec.cat\/ceipsab\/wp-json\/wp\/v2\/posts\/7739","targetHints":{"allow":["GET"]}}],"collection":[{"href":"https:\/\/agora.xtec.cat\/ceipsab\/wp-json\/wp\/v2\/posts"}],"about":[{"href":"https:\/\/agora.xtec.cat\/ceipsab\/wp-json\/wp\/v2\/types\/post"}],"author":[{"embeddable":true,"href":"https:\/\/agora.xtec.cat\/ceipsab\/wp-json\/wp\/v2\/users\/25"}],"replies":[{"embeddable":true,"href":"https:\/\/agora.xtec.cat\/ceipsab\/wp-json\/wp\/v2\/comments?post=7739"}],"version-history":[{"count":1,"href":"https:\/\/agora.xtec.cat\/ceipsab\/wp-json\/wp\/v2\/posts\/7739\/revisions"}],"predecessor-version":[{"id":7745,"href":"https:\/\/agora.xtec.cat\/ceipsab\/wp-json\/wp\/v2\/posts\/7739\/revisions\/7745"}],"wp:featuredmedia":[{"embeddable":true,"href":"https:\/\/agora.xtec.cat\/ceipsab\/wp-json\/wp\/v2\/media\/7740"}],"wp:attachment":[{"href":"https:\/\/agora.xtec.cat\/ceipsab\/wp-json\/wp\/v2\/media?parent=7739"}],"wp:term":[{"taxonomy":"category","embeddable":true,"href":"https:\/\/agora.xtec.cat\/ceipsab\/wp-json\/wp\/v2\/categories?post=7739"},{"taxonomy":"post_tag","embeddable":true,"href":"https:\/\/agora.xtec.cat\/ceipsab\/wp-json\/wp\/v2\/tags?post=7739"}],"curies":[{"name":"wp","href":"https:\/\/api.w.org\/{rel}","templated":true}]}}