{"id":7735,"date":"2021-05-24T20:39:18","date_gmt":"2021-05-24T18:39:18","guid":{"rendered":"http:\/\/agora.xtec.cat\/ceipsab\/?p=7735"},"modified":"2021-05-24T20:39:18","modified_gmt":"2021-05-24T18:39:18","slug":"el-nostre-veinat","status":"publish","type":"post","link":"https:\/\/agora.xtec.cat\/ceipsab\/portada\/el-nostre-veinat\/","title":{"rendered":"EL NOSTRE VE\u00cfNAT"},"content":{"rendered":"<p><span style=\"font-weight: 400\">A l&#8217;hora de la biblioteca hem conegut un conte molt divertit &#8220;Gr\u00e0cies. Hist\u00f2ria d&#8217;un ve\u00efnat&#8221;, on ens explica les diferents cases, persones i vides d&#8217;un ve\u00efnat i com aquests ve\u00efns no es coneixen realment.<\/span><\/p>\n<p><span style=\"font-weight: 400\">Hem parlat sobre el tema i ens hem animat a fer les nostres cases (aprofitant el material reciclat que ten\u00edem a l&#8217;aula) per poder construir el nostre propi ve\u00efnat.<\/span><\/p>\n<p><span style=\"font-weight: 400\">I amb aquestes cases tan maques que ens han quedat, hem dissenyat petits carrers que ens han servit per jugar amb les nostres Beebots, programant-les per tal de fer l&#8217;itinerari fins al final del carrer i no caure ni xocar amb les nostres cases.<\/span><\/p>\n<p><a href=\"https:\/\/photos.app.goo.gl\/P6ovu8bZf5GqXfoL7\"><img loading=\"lazy\" decoding=\"async\" class=\"alignnone size-full wp-image-7736\" src=\"https:\/\/agora.xtec.cat\/ceipsab\/wp-content\/uploads\/usu1011\/2021\/05\/IMG_20210519_152402.jpg\" alt=\"\" width=\"312\" height=\"416\" srcset=\"https:\/\/agora.xtec.cat\/ceipsab\/wp-content\/uploads\/usu1011\/2021\/05\/IMG_20210519_152402.jpg 312w, https:\/\/agora.xtec.cat\/ceipsab\/wp-content\/uploads\/usu1011\/2021\/05\/IMG_20210519_152402-225x300.jpg 225w\" sizes=\"auto, (max-width: 312px) 100vw, 312px\" \/><\/a><\/p>\n","protected":false},"excerpt":{"rendered":"<p>A l&#8217;hora de la biblioteca hem conegut un conte molt divertit &#8220;Gr\u00e0cies. Hist\u00f2ria d&#8217;un ve\u00efnat&#8221;, on ens explica les diferents cases, persones i vides d&#8217;un ve\u00efnat i com aquests ve\u00efns no es coneixen realment.<br \/>\nHem parlat sobre el tema i ens hem animat a fer les&hellip;  <a href=\"https:\/\/agora.xtec.cat\/ceipsab\/portada\/el-nostre-veinat\/\" title=\"Read EL NOSTRE VE\u00cfNAT\">Llegeix m\u00e9s\u00bb<\/a><\/p>\n","protected":false},"author":25,"featured_media":7736,"comment_status":"open","ping_status":"closed","sticky":false,"template":"","format":"standard","meta":{"_bbp_topic_count":0,"_bbp_reply_count":0,"_bbp_total_topic_count":0,"_bbp_total_reply_count":0,"_bbp_voice_count":0,"_bbp_anonymous_reply_count":0,"_bbp_topic_count_hidden":0,"_bbp_reply_count_hidden":0,"_bbp_forum_subforum_count":0,"footnotes":""},"categories":[62,9,4],"tags":[],"class_list":["post-7735","post","type-post","status-publish","format-standard","has-post-thumbnail","hentry","category-educacio-infantil","category-p5","category-portada"],"post_mailing_queue_ids":[],"_links":{"self":[{"href":"https:\/\/agora.xtec.cat\/ceipsab\/wp-json\/wp\/v2\/posts\/7735","targetHints":{"allow":["GET"]}}],"collection":[{"href":"https:\/\/agora.xtec.cat\/ceipsab\/wp-json\/wp\/v2\/posts"}],"about":[{"href":"https:\/\/agora.xtec.cat\/ceipsab\/wp-json\/wp\/v2\/types\/post"}],"author":[{"embeddable":true,"href":"https:\/\/agora.xtec.cat\/ceipsab\/wp-json\/wp\/v2\/users\/25"}],"replies":[{"embeddable":true,"href":"https:\/\/agora.xtec.cat\/ceipsab\/wp-json\/wp\/v2\/comments?post=7735"}],"version-history":[{"count":1,"href":"https:\/\/agora.xtec.cat\/ceipsab\/wp-json\/wp\/v2\/posts\/7735\/revisions"}],"predecessor-version":[{"id":7737,"href":"https:\/\/agora.xtec.cat\/ceipsab\/wp-json\/wp\/v2\/posts\/7735\/revisions\/7737"}],"wp:featuredmedia":[{"embeddable":true,"href":"https:\/\/agora.xtec.cat\/ceipsab\/wp-json\/wp\/v2\/media\/7736"}],"wp:attachment":[{"href":"https:\/\/agora.xtec.cat\/ceipsab\/wp-json\/wp\/v2\/media?parent=7735"}],"wp:term":[{"taxonomy":"category","embeddable":true,"href":"https:\/\/agora.xtec.cat\/ceipsab\/wp-json\/wp\/v2\/categories?post=7735"},{"taxonomy":"post_tag","embeddable":true,"href":"https:\/\/agora.xtec.cat\/ceipsab\/wp-json\/wp\/v2\/tags?post=7735"}],"curies":[{"name":"wp","href":"https:\/\/api.w.org\/{rel}","templated":true}]}}